{"id":6419,"date":"2023-04-04T12:01:48","date_gmt":"2023-04-04T12:01:48","guid":{"rendered":"https:\/\/mfc08.de\/?p=6419"},"modified":"2023-04-04T12:01:50","modified_gmt":"2023-04-04T12:01:50","slug":"roundnet-training-endlich-wieder-draussen","status":"publish","type":"post","link":"https:\/\/mfc08.de\/?p=6419","title":{"rendered":"Roundnet: Training endlich wieder drau\u00dfen!"},"content":{"rendered":"\n<p>Bei bestem Sonnenschein, aber eisigen Temperaturen hat die Roundnet-Abteilung mit dem gestrigen Training die Feldsaison eingel\u00e4utet. Nach einer langen Zeit in der Halle und zuletzt auch gestiegenem Interesse am Vereinstraining, sind wir sehr froh, wieder auf den Kunstrasenplatz umzuziehen. <\/p>\n\n\n\n<p>Zuerst traf sich das &#8222;Team Inventur&#8220;, um nach dem Umzug aus den Sporthallen alle Spielger\u00e4te zu erfassen und auf Sch\u00e4den zu untersuchen, danach sammelten sich erfreulich viele Roundnet-Spieler:innen zum Trainingsbeginn. Auch wenn wir uns erst wieder an Stollenschuhe, eisige Temperaturen und Spielen bei Flutlicht gew\u00f6hnen m\u00fcssen, sind wir doch sehr froh, endlich wieder mehr Platz zu haben und unter freiem Himmel trainieren zu k\u00f6nnen.<\/p>\n\n\n\n<p>In der ersten Einheit drau\u00dfen stand ausf\u00fchrliches Defense-Training auf dem Plan, denn die kommenden Wochen sind voll mit den ersten Turnieren der Saison 2023. Und da unsere Abteilung kontinuierlich w\u00e4chst, freuen wir uns darauf, auf m\u00f6glichst vielen Turnieren in ganz Deutschland und Europa vertreten zu sein: Als erstes stehen die ersten Masters Turniere in Freiburg und W\u00fcrzburg an, sowie Turniere in Karlsruhe, Paris und Prag. Der Kalender f\u00fcr 2023 ist voll gepackt und bietet mit der Deutschen Meisterschaft Mixed in Heidelberg im Juli auch ein Saison-Highlight in der Region.<\/p>\n\n\n\n<div class=\"wp-block-columns is-layout-flex wp-container-core-columns-is-layout-9d6595d7 wp-block-columns-is-layout-flex\">\n<div class=\"wp-block-column is-layout-flow wp-block-column-is-layout-flow\">\n<figure class=\"wp-block-image size-large\"><img fetchpriority=\"high\" decoding=\"async\" width=\"1024\" height=\"768\" src=\"https:\/\/mfc08.de\/wp-content\/uploads\/2023\/04\/photo_2023-04-04_13-31-22-1024x768.jpg\" alt=\"\" class=\"wp-image-6421\" srcset=\"https:\/\/mfc08.de\/wp-content\/uploads\/2023\/04\/photo_2023-04-04_13-31-22-1024x768.jpg 1024w, https:\/\/mfc08.de\/wp-content\/uploads\/2023\/04\/photo_2023-04-04_13-31-22-300x225.jpg 300w, https:\/\/mfc08.de\/wp-content\/uploads\/2023\/04\/photo_2023-04-04_13-31-22-768x576.jpg 768w, https:\/\/mfc08.de\/wp-content\/uploads\/2023\/04\/photo_2023-04-04_13-31-22.jpg 1280w\" sizes=\"(max-width: 1024px) 100vw, 1024px\" \/><\/figure>\n<\/div>\n\n\n\n<div class=\"wp-block-column is-layout-flow wp-block-column-is-layout-flow\">\n<figure class=\"wp-block-image size-large\"><img decoding=\"async\" width=\"1024\" height=\"768\" src=\"https:\/\/mfc08.de\/wp-content\/uploads\/2023\/04\/photo_2023-04-04_13-31-23-1024x768.jpg\" alt=\"\" class=\"wp-image-6422\" srcset=\"https:\/\/mfc08.de\/wp-content\/uploads\/2023\/04\/photo_2023-04-04_13-31-23-1024x768.jpg 1024w, https:\/\/mfc08.de\/wp-content\/uploads\/2023\/04\/photo_2023-04-04_13-31-23-300x225.jpg 300w, https:\/\/mfc08.de\/wp-content\/uploads\/2023\/04\/photo_2023-04-04_13-31-23-768x576.jpg 768w, https:\/\/mfc08.de\/wp-content\/uploads\/2023\/04\/photo_2023-04-04_13-31-23.jpg 1280w\" sizes=\"(max-width: 1024px) 100vw, 1024px\" \/><\/figure>\n<\/div>\n<\/div>\n\n\n\n<p>Trainiert wird aktuell Montags, Mittwochs und Freitags jeweils von 19:00 bis 21:30 auf den Kunstrasenpl\u00e4tzen des MFC 08. Damit wir unser Training besser planen k\u00f6nnen, bitten wir Interessierte und Nicht-Mitglieder uns im Vorfeld zu fragen, ob ein Schnuppertraining m\u00f6glich ist. Ihr erreicht uns entweder per E-Mail (<a href=\"mailto:roundnetmannheim@gmail.com\">roundnetmannheim@gmail.com<\/a>), \u00fcber Instagram @roundnet_mannheim oder in unserer Roundnet Mannheim WhatsApp Gruppe.<\/p>\n","protected":false},"excerpt":{"rendered":"<p>Bei bestem Sonnenschein, aber eisigen Temperaturen hat die Roundnet-Abteilung mit dem gestrigen Training die Feldsaison eingel\u00e4utet. Nach einer langen Zeit in der Halle und zuletzt auch gestiegenem Interesse am Vereinstraining, sind wir sehr froh, wieder auf den Kunstrasenplatz umzuziehen. Zuerst traf sich das &#8222;Team Inventur&#8220;, um nach dem Umzug aus den Sporthallen alle Spielger\u00e4te zu&hellip;&nbsp;<a href=\"https:\/\/mfc08.de\/?p=6419\" rel=\"bookmark\">Weiterlesen &raquo;<span class=\"screen-reader-text\">Roundnet: Training endlich wieder drau\u00dfen!<\/span><\/a><\/p>\n","protected":false},"author":10,"featured_media":6420,"comment_status":"closed","ping_status":"closed","sticky":false,"template":"","format":"standard","meta":{"neve_meta_sidebar":"","neve_meta_container":"","neve_meta_enable_content_width":"","neve_meta_content_width":0,"neve_meta_title_alignment":"","neve_meta_author_avatar":"","neve_post_elements_order":"","neve_meta_disable_header":"","neve_meta_disable_footer":"","neve_meta_disable_title":"","_themeisle_gutenberg_block_has_review":false,"footnotes":""},"categories":[17],"tags":[],"class_list":["post-6419","post","type-post","status-publish","format-standard","has-post-thumbnail","hentry","category-roundnet"],"_links":{"self":[{"href":"https:\/\/mfc08.de\/index.php?rest_route=\/wp\/v2\/posts\/6419","targetHints":{"allow":["GET"]}}],"collection":[{"href":"https:\/\/mfc08.de\/index.php?rest_route=\/wp\/v2\/posts"}],"about":[{"href":"https:\/\/mfc08.de\/index.php?rest_route=\/wp\/v2\/types\/post"}],"author":[{"embeddable":true,"href":"https:\/\/mfc08.de\/index.php?rest_route=\/wp\/v2\/users\/10"}],"replies":[{"embeddable":true,"href":"https:\/\/mfc08.de\/index.php?rest_route=%2Fwp%2Fv2%2Fcomments&post=6419"}],"version-history":[{"count":1,"href":"https:\/\/mfc08.de\/index.php?rest_route=\/wp\/v2\/posts\/6419\/revisions"}],"predecessor-version":[{"id":6423,"href":"https:\/\/mfc08.de\/index.php?rest_route=\/wp\/v2\/posts\/6419\/revisions\/6423"}],"wp:featuredmedia":[{"embeddable":true,"href":"https:\/\/mfc08.de\/index.php?rest_route=\/wp\/v2\/media\/6420"}],"wp:attachment":[{"href":"https:\/\/mfc08.de\/index.php?rest_route=%2Fwp%2Fv2%2Fmedia&parent=6419"}],"wp:term":[{"taxonomy":"category","embeddable":true,"href":"https:\/\/mfc08.de\/index.php?rest_route=%2Fwp%2Fv2%2Fcategories&post=6419"},{"taxonomy":"post_tag","embeddable":true,"href":"https:\/\/mfc08.de\/index.php?rest_route=%2Fwp%2Fv2%2Ftags&post=6419"}],"curies":[{"name":"wp","href":"https:\/\/api.w.org\/{rel}","templated":true}]}}