{"id":6470,"date":"2023-04-08T10:13:26","date_gmt":"2023-04-08T10:13:26","guid":{"rendered":"https:\/\/mfc08.de\/?p=6470"},"modified":"2023-04-08T10:15:03","modified_gmt":"2023-04-08T10:15:03","slug":"fv-08-hockenheim-mfc-08-lindenhof-12-00","status":"publish","type":"post","link":"https:\/\/mfc08.de\/?p=6470","title":{"rendered":"FV 08 Hockenheim &#8211; MFC 08 Lindenhof 1:2 (0:0)"},"content":{"rendered":"\n<p>Zu einem 2:1 (0:0) Arbeitssieg kam die erste Mannschaft beim, mittlerweile von unserem Ex-Trainer Olsi Sema trainierten, FV 08 Hockenheim<\/p>\n\n\n\n<p>Das Spiel begann mit einem Schreckmoment, denn quasi vom Anspiel weg bekamen die Gastgeber einen Elfmeter zugesprochen, den Lucas Neuhof aber parieren konnte. Trotz Chancen auf beiden Seiten ging es torlos in die Pause. Kurz nach dem Wechsel erzielte Ivan Vlaho die F\u00fchrung. Aber nur kurz danach sah Sergio Latorre die gelb-rote Karte und man musste also fast die komplette zweite Halbzeit in Unterzahl bestreiten. Aber auch in Unterzahl konnte Ivan Vlaho auf 2:0 erh\u00f6hen. Kurz vor dem Spielende konnte Hockenheim zwar auf 2:1 verk\u00fcrzen, mehr passierte aber nicht mehr und somit blieb es bei dem knappen Ausw\u00e4rtssieg<\/p>\n\n\n\n<p>Am Montag gilt es im Spiel gegen FC Germania Friedrichsfeld den Anschluss an die Spitzenteams zu halten &nbsp;&nbsp;&nbsp;&nbsp;&nbsp;&nbsp;&nbsp;&nbsp;&nbsp;&nbsp;&nbsp;&nbsp;<\/p>\n","protected":false},"excerpt":{"rendered":"<p>Zu einem 2:1 (0:0) Arbeitssieg kam die erste Mannschaft beim, mittlerweile von unserem Ex-Trainer Olsi Sema trainierten, FV 08 Hockenheim Das Spiel begann mit einem Schreckmoment, denn quasi vom Anspiel weg bekamen die Gastgeber einen Elfmeter zugesprochen, den Lucas Neuhof aber parieren konnte. Trotz Chancen auf beiden Seiten ging es torlos in die Pause. Kurz&hellip;&nbsp;<a href=\"https:\/\/mfc08.de\/?p=6470\" rel=\"bookmark\">Weiterlesen &raquo;<span class=\"screen-reader-text\">FV 08 Hockenheim &#8211; MFC 08 Lindenhof 1:2 (0:0)<\/span><\/a><\/p>\n","protected":false},"author":5,"featured_media":4013,"comment_status":"closed","ping_status":"closed","sticky":false,"template":"","format":"standard","meta":{"neve_meta_sidebar":"","neve_meta_container":"","neve_meta_enable_content_width":"","neve_meta_content_width":0,"neve_meta_title_alignment":"","neve_meta_author_avatar":"","neve_post_elements_order":"","neve_meta_disable_header":"","neve_meta_disable_footer":"","neve_meta_disable_title":"","_themeisle_gutenberg_block_has_review":false,"footnotes":""},"categories":[3,1],"tags":[],"class_list":["post-6470","post","type-post","status-publish","format-standard","has-post-thumbnail","hentry","category-1-mannschaft","category-uncategorized"],"_links":{"self":[{"href":"https:\/\/mfc08.de\/index.php?rest_route=\/wp\/v2\/posts\/6470","targetHints":{"allow":["GET"]}}],"collection":[{"href":"https:\/\/mfc08.de\/index.php?rest_route=\/wp\/v2\/posts"}],"about":[{"href":"https:\/\/mfc08.de\/index.php?rest_route=\/wp\/v2\/types\/post"}],"author":[{"embeddable":true,"href":"https:\/\/mfc08.de\/index.php?rest_route=\/wp\/v2\/users\/5"}],"replies":[{"embeddable":true,"href":"https:\/\/mfc08.de\/index.php?rest_route=%2Fwp%2Fv2%2Fcomments&post=6470"}],"version-history":[{"count":1,"href":"https:\/\/mfc08.de\/index.php?rest_route=\/wp\/v2\/posts\/6470\/revisions"}],"predecessor-version":[{"id":6471,"href":"https:\/\/mfc08.de\/index.php?rest_route=\/wp\/v2\/posts\/6470\/revisions\/6471"}],"wp:featuredmedia":[{"embeddable":true,"href":"https:\/\/mfc08.de\/index.php?rest_route=\/wp\/v2\/media\/4013"}],"wp:attachment":[{"href":"https:\/\/mfc08.de\/index.php?rest_route=%2Fwp%2Fv2%2Fmedia&parent=6470"}],"wp:term":[{"taxonomy":"category","embeddable":true,"href":"https:\/\/mfc08.de\/index.php?rest_route=%2Fwp%2Fv2%2Fcategories&post=6470"},{"taxonomy":"post_tag","embeddable":true,"href":"https:\/\/mfc08.de\/index.php?rest_route=%2Fwp%2Fv2%2Ftags&post=6470"}],"curies":[{"name":"wp","href":"https:\/\/api.w.org\/{rel}","templated":true}]}}