{"id":6473,"date":"2023-04-10T20:31:39","date_gmt":"2023-04-10T20:31:39","guid":{"rendered":"https:\/\/mfc08.de\/?p=6473"},"modified":"2023-04-10T20:31:41","modified_gmt":"2023-04-10T20:31:41","slug":"mfc-08-lindenhof-2-spvgg-ketsch-2-12-02","status":"publish","type":"post","link":"https:\/\/mfc08.de\/?p=6473","title":{"rendered":"MFC 08 Lindenhof 2 &#8211; Spvgg Ketsch 2 1:2 (0:2)"},"content":{"rendered":"\n<p>Eine durchaus vermeidbare 1:2 (0:2) Niederlage musste die zweite Mannschaft gegen die Spvgg Ketsch 2 hinnehmen<\/p>\n\n\n\n<p>Nach einer ausgeglichenen Anfangsphase, in der sich beide Mannschaften weitgehend neutralisierten gingen die G\u00e4ste Mitte der ersten Halbzeit nach einem Ballverlust im Spielaufbau in F\u00fchrung. Kurz danach scheiterte Mathias Roesinger am stark reagierenden Ketscher Torwart. Stattdessen erh\u00f6hte Ketsch mit einem satten Schuss nach einer zu kurz abgewehrten Ecke auf 0:2. Direkt nach Pause konnte sich Moritz Miller auf aussen durchsetzen und sein Zuspiel verwertete Mathias Roesinger zum Anschlusstreffer. Nur wenig sp\u00e4ter bot sich erneut Mathias Roesinger die Chance zum Ausgleich, aber sein Schuss aus der Drehung verfehlte das Ziel doch deutlich. Danach kam Nico Jehle im Strafraum frei zum Abschluss, aber sein Schuss war zu zentral und stellte den Torwart vor kein gro\u00dfes Problem. In der Folgezeit war unser Team zwar deutlich feld\u00fcberlegen, die Defensive konnte alle Konterans\u00e4tze der G\u00e4ste schon im Ansatz ersticken, aber selbst kam man auch nicht mehr zu zwingenden Chancen, so dass es bis zum Ende bei der knappen Ketscher F\u00fchrung blieb Am n\u00e4chsten Sonntag geht es f\u00fcr die Mannschaft weiter mit dem Spiel beim SV Rohrhof<\/p>\n","protected":false},"excerpt":{"rendered":"<p>Eine durchaus vermeidbare 1:2 (0:2) Niederlage musste die zweite Mannschaft gegen die Spvgg Ketsch 2 hinnehmen Nach einer ausgeglichenen Anfangsphase, in der sich beide Mannschaften weitgehend neutralisierten gingen die G\u00e4ste Mitte der ersten Halbzeit nach einem Ballverlust im Spielaufbau in F\u00fchrung. Kurz danach scheiterte Mathias Roesinger am stark reagierenden Ketscher Torwart. Stattdessen erh\u00f6hte Ketsch mit&hellip;&nbsp;<a href=\"https:\/\/mfc08.de\/?p=6473\" rel=\"bookmark\">Weiterlesen &raquo;<span class=\"screen-reader-text\">MFC 08 Lindenhof 2 &#8211; Spvgg Ketsch 2 1:2 (0:2)<\/span><\/a><\/p>\n","protected":false},"author":5,"featured_media":5734,"comment_status":"closed","ping_status":"closed","sticky":false,"template":"","format":"standard","meta":{"neve_meta_sidebar":"","neve_meta_container":"","neve_meta_enable_content_width":"","neve_meta_content_width":0,"neve_meta_title_alignment":"","neve_meta_author_avatar":"","neve_post_elements_order":"","neve_meta_disable_header":"","neve_meta_disable_footer":"","neve_meta_disable_title":"","_themeisle_gutenberg_block_has_review":false,"footnotes":""},"categories":[5],"tags":[],"class_list":["post-6473","post","type-post","status-publish","format-standard","has-post-thumbnail","hentry","category-2-mannschaft"],"_links":{"self":[{"href":"https:\/\/mfc08.de\/index.php?rest_route=\/wp\/v2\/posts\/6473","targetHints":{"allow":["GET"]}}],"collection":[{"href":"https:\/\/mfc08.de\/index.php?rest_route=\/wp\/v2\/posts"}],"about":[{"href":"https:\/\/mfc08.de\/index.php?rest_route=\/wp\/v2\/types\/post"}],"author":[{"embeddable":true,"href":"https:\/\/mfc08.de\/index.php?rest_route=\/wp\/v2\/users\/5"}],"replies":[{"embeddable":true,"href":"https:\/\/mfc08.de\/index.php?rest_route=%2Fwp%2Fv2%2Fcomments&post=6473"}],"version-history":[{"count":1,"href":"https:\/\/mfc08.de\/index.php?rest_route=\/wp\/v2\/posts\/6473\/revisions"}],"predecessor-version":[{"id":6474,"href":"https:\/\/mfc08.de\/index.php?rest_route=\/wp\/v2\/posts\/6473\/revisions\/6474"}],"wp:featuredmedia":[{"embeddable":true,"href":"https:\/\/mfc08.de\/index.php?rest_route=\/wp\/v2\/media\/5734"}],"wp:attachment":[{"href":"https:\/\/mfc08.de\/index.php?rest_route=%2Fwp%2Fv2%2Fmedia&parent=6473"}],"wp:term":[{"taxonomy":"category","embeddable":true,"href":"https:\/\/mfc08.de\/index.php?rest_route=%2Fwp%2Fv2%2Fcategories&post=6473"},{"taxonomy":"post_tag","embeddable":true,"href":"https:\/\/mfc08.de\/index.php?rest_route=%2Fwp%2Fv2%2Ftags&post=6473"}],"curies":[{"name":"wp","href":"https:\/\/api.w.org\/{rel}","templated":true}]}}