{"id":6551,"date":"2023-04-16T20:05:47","date_gmt":"2023-04-16T20:05:47","guid":{"rendered":"https:\/\/mfc08.de\/?p=6551"},"modified":"2023-04-16T20:05:50","modified_gmt":"2023-04-16T20:05:50","slug":"fk-srbija-mannheim-mfc-08-lindenhof-11-10","status":"publish","type":"post","link":"https:\/\/mfc08.de\/?p=6551","title":{"rendered":"FK Srbija Mannheim &#8211; MFC 08 Lindenhof 1:1 (1:0)"},"content":{"rendered":"\n<p>In einem echten Kreisliga-Spitzenspiel holte sich die erste Mannschaft ein 1:1 (0:1) Unentschieden beim FK Srbija Mannheim<\/p>\n\n\n\n<p>Unserem Team w\u00e4re fast ein Traumstart in die Partie gelungen, aber Ivan Vlaho traf gleich am Anfang nach einem Zuspiel von Yusuf Demirci mit seinem Kopfball nur die Latte. Und auch die n\u00e4chste Chance hatte unsere Elf, aber der Srbija-Torh\u00fcter konnte einen Kopfball von Maurice K\u00fchnl stark parieren. Danach neutralisierten sich beide Mannschaften weitgehend, aber nach einer knappen halben Stunde gingen die Gastgeber nach einer Ecke in F\u00fchrung. Auch in der Folgezeit blieb es ein ausgeglichenes Spiel, in dem sich aber beide Mannschaften kaum echte Chancen erspielen konnten und so blieb es bis zur Pause bei der knappen F\u00fchrung der Gastgeber. In der zweiten Halbzeit erspielte sich unser Team ein optisches \u00dcbergewicht, tat sich aber weiter schwer echte Torchancen zu kreieren. Knapp wurde es nach einem Schuss von Yusuf Demirci, aber ein Abwehrspieler brachte gerade noch sein Bein dazwischen, und so verfehlte der Ball knapp das Ziel. Auf der anderen Seite dann Gl\u00fcck als ein Srbija-St\u00fcrmer bei einem Konter zum Abschluss kam, sein Schuss aber nur die Latte traf. Eine Viertelstunde vor Schluss eroberte Daniel Zimmermann mit einer starken Aktion den Ball in der Srbija-H\u00e4lfte, spielte schnell auf den kurz zuvor eingewechselten Felix Schreckenberger und dieser behielt frei vor dem Torwart die Nerven und erzielte den verdienten Ausgleich. Fast w\u00e4re es noch besser gekommen, aber ein Kopfball von Yusuf Demirci landete am Pfosten und den Abpraller konnte Oliver Schlick nicht kontrollieren, so dass der Ball neben dem Tor landete. Mit der letzten Aktion w\u00e4re dann fast noch den Gastgebern der Siegtreffer gelungen. Nach einem langen Einwurf kam ein St\u00fcrmer v\u00f6llig frei aus kurzer Distanz zum Kopfball, setzte den Ball aber \u00fcber das Tor. Somit blieb es in dem gutklassigen, und trotz aller Bedeutung auch stets fairen Partie beim letztlich gerechten Unentschieden<\/p>\n\n\n\n<p>N\u00e4chste Woche empf\u00e4ngt die Elf die Spvgg Ilvesheim und wird weiter versuchen, den Druck auf die beiden F\u00fchrenden hochzuhalten<\/p>\n","protected":false},"excerpt":{"rendered":"<p>In einem echten Kreisliga-Spitzenspiel holte sich die erste Mannschaft ein 1:1 (0:1) Unentschieden beim FK Srbija Mannheim Unserem Team w\u00e4re fast ein Traumstart in die Partie gelungen, aber Ivan Vlaho traf gleich am Anfang nach einem Zuspiel von Yusuf Demirci mit seinem Kopfball nur die Latte. Und auch die n\u00e4chste Chance hatte unsere Elf, aber&hellip;&nbsp;<a href=\"https:\/\/mfc08.de\/?p=6551\" rel=\"bookmark\">Weiterlesen &raquo;<span class=\"screen-reader-text\">FK Srbija Mannheim &#8211; MFC 08 Lindenhof 1:1 (1:0)<\/span><\/a><\/p>\n","protected":false},"author":5,"featured_media":4689,"comment_status":"closed","ping_status":"closed","sticky":false,"template":"","format":"standard","meta":{"neve_meta_sidebar":"","neve_meta_container":"","neve_meta_enable_content_width":"","neve_meta_content_width":0,"neve_meta_title_alignment":"","neve_meta_author_avatar":"","neve_post_elements_order":"","neve_meta_disable_header":"","neve_meta_disable_footer":"","neve_meta_disable_title":"","_themeisle_gutenberg_block_has_review":false,"footnotes":""},"categories":[3],"tags":[],"class_list":["post-6551","post","type-post","status-publish","format-standard","has-post-thumbnail","hentry","category-1-mannschaft"],"_links":{"self":[{"href":"https:\/\/mfc08.de\/index.php?rest_route=\/wp\/v2\/posts\/6551","targetHints":{"allow":["GET"]}}],"collection":[{"href":"https:\/\/mfc08.de\/index.php?rest_route=\/wp\/v2\/posts"}],"about":[{"href":"https:\/\/mfc08.de\/index.php?rest_route=\/wp\/v2\/types\/post"}],"author":[{"embeddable":true,"href":"https:\/\/mfc08.de\/index.php?rest_route=\/wp\/v2\/users\/5"}],"replies":[{"embeddable":true,"href":"https:\/\/mfc08.de\/index.php?rest_route=%2Fwp%2Fv2%2Fcomments&post=6551"}],"version-history":[{"count":1,"href":"https:\/\/mfc08.de\/index.php?rest_route=\/wp\/v2\/posts\/6551\/revisions"}],"predecessor-version":[{"id":6552,"href":"https:\/\/mfc08.de\/index.php?rest_route=\/wp\/v2\/posts\/6551\/revisions\/6552"}],"wp:featuredmedia":[{"embeddable":true,"href":"https:\/\/mfc08.de\/index.php?rest_route=\/wp\/v2\/media\/4689"}],"wp:attachment":[{"href":"https:\/\/mfc08.de\/index.php?rest_route=%2Fwp%2Fv2%2Fmedia&parent=6551"}],"wp:term":[{"taxonomy":"category","embeddable":true,"href":"https:\/\/mfc08.de\/index.php?rest_route=%2Fwp%2Fv2%2Fcategories&post=6551"},{"taxonomy":"post_tag","embeddable":true,"href":"https:\/\/mfc08.de\/index.php?rest_route=%2Fwp%2Fv2%2Ftags&post=6551"}],"curies":[{"name":"wp","href":"https:\/\/api.w.org\/{rel}","templated":true}]}}