{"id":6560,"date":"2023-04-23T19:52:24","date_gmt":"2023-04-23T19:52:24","guid":{"rendered":"https:\/\/mfc08.de\/?p=6560"},"modified":"2023-04-23T19:53:22","modified_gmt":"2023-04-23T19:53:22","slug":"mfc-08-lindenhof-spvgg-ilvesheim-01-00","status":"publish","type":"post","link":"https:\/\/mfc08.de\/?p=6560","title":{"rendered":"MFC 08 Lindenhof &#8211; Spvgg Ilvesheim 0:1 (0:0)"},"content":{"rendered":"\n<p>Durch eine verdiente 0:1 (0:0) Niederlage gegen die Spvgg Ilvesheim musste die erste Mannschaft einen herben D\u00e4mpfer im Kampf um die vorderen Pl\u00e4tze hinnehmen<\/p>\n\n\n\n<p>Die G\u00e4ste kamen deutlich besser ins Spiel, zeigten sich von Anfang an deutlich pr\u00e4senter und hatten schon fr\u00fch Pech mit einem Freistoss, der an die Latte klatschte. Auch in der Folgezeit war Ilvesheim deutlich gef\u00e4hrlicher. Erst nach und nach fand auch unsere Elf etwas besser ins Spiel, bei der besten Gelegenheit konnte der Torwart eine sch\u00f6ne Direktabnahme von Aleksandar Markovic zur Ecke kl\u00e4ren. Kurz vor der Pause dann die gro\u00dfe Chance f\u00fcr Ilvesheim zur F\u00fchrung. Bei einem Konter brachte Oleg Leonidov den gegnerischen St\u00fcrmer im Strafraum zu Fall, doch Lucas Neuhof konnte den zu unplatziert geschossenen Elfmeter parieren. Aber auch in die zweite Halbzeit startete Ilvesheim zielstrebiger und ging somit auch verdient in F\u00fchrung. Einen langen Ball legte ein St\u00fcrmer per Kopf quer und sein mitgelaufener Sturmpartner konnte aus kurzer Distanz problemlos eink\u00f6pfen. Und auch in der Folgezeit blieb Ilvesheim zun\u00e4chst gef\u00e4hrlicher und war dem 2:0 n\u00e4her als unser Team dem Ausgleich. Erst in der Schlussphase sollte sich dies \u00e4ndern, jetzt kam auch unsere Elf noch zu guten Chancen. Zun\u00e4chst wurde Oliver Schlick im Strafraum freigespielt, scheiterte aber am gut reagierdenden Ilvesheimer Torwart, dann spielte Oliver Schlick einen Ball in den Lauf von Patrik Piontek der aber frei vor dem Torwart am Tor vorbei schoss und kurz vor Schluss scheiterte Yusuf Demirci aus aussichtsreicher Position am erneut gut reagierenden Torwart. Somit blieb es bis zum Ende beim letztlich verdienten Sieg der sehr diszipliniert verteidigenden G\u00e4ste gegen die man im Endeffekt zu sp\u00e4t ins Spiel fand &nbsp;<\/p>\n\n\n\n<p>Jetzt gilt es n\u00e4chste Woche beim VfB Gartenstadt auf jeden Fall Punkte einzufahren um nicht den Anschluss an die Spitzenpl\u00e4tze komplett zu verlieren<\/p>\n","protected":false},"excerpt":{"rendered":"<p>Durch eine verdiente 0:1 (0:0) Niederlage gegen die Spvgg Ilvesheim musste die erste Mannschaft einen herben D\u00e4mpfer im Kampf um die vorderen Pl\u00e4tze hinnehmen Die G\u00e4ste kamen deutlich besser ins Spiel, zeigten sich von Anfang an deutlich pr\u00e4senter und hatten schon fr\u00fch Pech mit einem Freistoss, der an die Latte klatschte. Auch in der Folgezeit&hellip;&nbsp;<a href=\"https:\/\/mfc08.de\/?p=6560\" rel=\"bookmark\">Weiterlesen &raquo;<span class=\"screen-reader-text\">MFC 08 Lindenhof &#8211; Spvgg Ilvesheim 0:1 (0:0)<\/span><\/a><\/p>\n","protected":false},"author":5,"featured_media":4689,"comment_status":"closed","ping_status":"closed","sticky":false,"template":"","format":"standard","meta":{"neve_meta_sidebar":"","neve_meta_container":"","neve_meta_enable_content_width":"","neve_meta_content_width":0,"neve_meta_title_alignment":"","neve_meta_author_avatar":"","neve_post_elements_order":"","neve_meta_disable_header":"","neve_meta_disable_footer":"","neve_meta_disable_title":"","_themeisle_gutenberg_block_has_review":false,"footnotes":""},"categories":[3],"tags":[],"class_list":["post-6560","post","type-post","status-publish","format-standard","has-post-thumbnail","hentry","category-1-mannschaft"],"_links":{"self":[{"href":"https:\/\/mfc08.de\/index.php?rest_route=\/wp\/v2\/posts\/6560","targetHints":{"allow":["GET"]}}],"collection":[{"href":"https:\/\/mfc08.de\/index.php?rest_route=\/wp\/v2\/posts"}],"about":[{"href":"https:\/\/mfc08.de\/index.php?rest_route=\/wp\/v2\/types\/post"}],"author":[{"embeddable":true,"href":"https:\/\/mfc08.de\/index.php?rest_route=\/wp\/v2\/users\/5"}],"replies":[{"embeddable":true,"href":"https:\/\/mfc08.de\/index.php?rest_route=%2Fwp%2Fv2%2Fcomments&post=6560"}],"version-history":[{"count":2,"href":"https:\/\/mfc08.de\/index.php?rest_route=\/wp\/v2\/posts\/6560\/revisions"}],"predecessor-version":[{"id":6562,"href":"https:\/\/mfc08.de\/index.php?rest_route=\/wp\/v2\/posts\/6560\/revisions\/6562"}],"wp:featuredmedia":[{"embeddable":true,"href":"https:\/\/mfc08.de\/index.php?rest_route=\/wp\/v2\/media\/4689"}],"wp:attachment":[{"href":"https:\/\/mfc08.de\/index.php?rest_route=%2Fwp%2Fv2%2Fmedia&parent=6560"}],"wp:term":[{"taxonomy":"category","embeddable":true,"href":"https:\/\/mfc08.de\/index.php?rest_route=%2Fwp%2Fv2%2Fcategories&post=6560"},{"taxonomy":"post_tag","embeddable":true,"href":"https:\/\/mfc08.de\/index.php?rest_route=%2Fwp%2Fv2%2Ftags&post=6560"}],"curies":[{"name":"wp","href":"https:\/\/api.w.org\/{rel}","templated":true}]}}