{"id":6598,"date":"2023-04-30T20:20:52","date_gmt":"2023-04-30T20:20:52","guid":{"rendered":"https:\/\/mfc08.de\/?p=6598"},"modified":"2023-04-30T20:20:54","modified_gmt":"2023-04-30T20:20:54","slug":"vfb-gartenstadt-mfc-08-lindenhof-12-11","status":"publish","type":"post","link":"https:\/\/mfc08.de\/?p=6598","title":{"rendered":"VfB Gartenstadt &#8211; MFC 08 Lindenhof 1:2 (1:1)"},"content":{"rendered":"\n<p>Mit einem 2:1 (1:1) Arbeitssieg beim VfB Gartenstadt konnte die erste Mannschaft die geringe Hoffnung auf den Relegationsplatz aufrecht erhalten<\/p>\n\n\n\n<p>Bereits nach wenigen Minuten lag der Ball zum ersten Ml im Gartenst\u00e4dter Tor, aber Ivan Vlaho stand bei seinem Treffer wohl knapp im Abseits. Stattdessen gelang den Gastgebern kurz danach die F\u00fchrung. Nach einem Ball aus dem Halbfeld in den Strafraum kam ein St\u00fcrmer frei zum Abschluss und traf zum 1:0. Fast w\u00e4re der schnelle Ausgleich gelungen, aber Aleksandar Markovic traf nur den Pfosten und den Abpraller setzte Felix Schreckenberger knapp neben das Tor. Auch danach blieb unser Team spielbestimmend, aber es dauerte bis kurz vor der Pause bis der Ausgleich gelang. Zun\u00e4chst konnte ein Schuss von Ivan Vlaho noch abgeblockt werden, aber der Abpraller landete bei Aleksandar Markovic, der das 1:1 erzielte. Auch zu Beginn der zweiten Halbzeit zeigte sich unsere Elf feld\u00fcberlegen und nach einer Stunde gelang die verdiente F\u00fchrung. Eine Ecke k\u00f6pfte Ivan Vlaho Richtung Tor, dort wurde Daniel Zimmermann beim Versuch den Ball zu verl\u00e4ngern gefoult und Yusuf Demirci verwandelte den Ball sicher zum 2:1. &nbsp;Kurz danach bot sich Aleksandar Markovic die gro\u00dfe Chance zur Vorentscheidung, aber er scheiterte aus aussichtsreicher Position am Torwart. Die Gastgeber versuchten es in der Schlussphase immer wieder mit hohen B\u00e4llen auf ihre kopfballstarken St\u00fcrmer, aber die Defensive verteidigte sehr diszipliniert und was doch durch kam wurde zu einer sicheren Beute von Lucas Neuhof im Tor. Auf der anderen Seite boten sich einige Konterchancen, die aber nicht konsequent zu Ende gespielt wurden, so dass man bis zum Ende zittern musste. Die letzte Chance bot sich Yusuf Demirci, doch er setzte den Ball knapp am Tor vorbei. Somit blieb es bis zum Schluss beim 2.1, was den ersten Sieg gegen den VfB Gartenstadt seit langer Zeit bedeutet<\/p>\n\n\n\n<p>N\u00e4chste Woche geht es f\u00fcr das Team weiter mit dem Derby gegen den TSV Neckarau &nbsp;&nbsp;&nbsp;<\/p>\n","protected":false},"excerpt":{"rendered":"<p>Mit einem 2:1 (1:1) Arbeitssieg beim VfB Gartenstadt konnte die erste Mannschaft die geringe Hoffnung auf den Relegationsplatz aufrecht erhalten Bereits nach wenigen Minuten lag der Ball zum ersten Ml im Gartenst\u00e4dter Tor, aber Ivan Vlaho stand bei seinem Treffer wohl knapp im Abseits. Stattdessen gelang den Gastgebern kurz danach die F\u00fchrung. Nach einem Ball&hellip;&nbsp;<a href=\"https:\/\/mfc08.de\/?p=6598\" rel=\"bookmark\">Weiterlesen &raquo;<span class=\"screen-reader-text\">VfB Gartenstadt &#8211; MFC 08 Lindenhof 1:2 (1:1)<\/span><\/a><\/p>\n","protected":false},"author":5,"featured_media":4689,"comment_status":"closed","ping_status":"closed","sticky":false,"template":"","format":"standard","meta":{"neve_meta_sidebar":"","neve_meta_container":"","neve_meta_enable_content_width":"","neve_meta_content_width":0,"neve_meta_title_alignment":"","neve_meta_author_avatar":"","neve_post_elements_order":"","neve_meta_disable_header":"","neve_meta_disable_footer":"","neve_meta_disable_title":"","_themeisle_gutenberg_block_has_review":false,"footnotes":""},"categories":[3],"tags":[],"class_list":["post-6598","post","type-post","status-publish","format-standard","has-post-thumbnail","hentry","category-1-mannschaft"],"_links":{"self":[{"href":"https:\/\/mfc08.de\/index.php?rest_route=\/wp\/v2\/posts\/6598","targetHints":{"allow":["GET"]}}],"collection":[{"href":"https:\/\/mfc08.de\/index.php?rest_route=\/wp\/v2\/posts"}],"about":[{"href":"https:\/\/mfc08.de\/index.php?rest_route=\/wp\/v2\/types\/post"}],"author":[{"embeddable":true,"href":"https:\/\/mfc08.de\/index.php?rest_route=\/wp\/v2\/users\/5"}],"replies":[{"embeddable":true,"href":"https:\/\/mfc08.de\/index.php?rest_route=%2Fwp%2Fv2%2Fcomments&post=6598"}],"version-history":[{"count":1,"href":"https:\/\/mfc08.de\/index.php?rest_route=\/wp\/v2\/posts\/6598\/revisions"}],"predecessor-version":[{"id":6599,"href":"https:\/\/mfc08.de\/index.php?rest_route=\/wp\/v2\/posts\/6598\/revisions\/6599"}],"wp:featuredmedia":[{"embeddable":true,"href":"https:\/\/mfc08.de\/index.php?rest_route=\/wp\/v2\/media\/4689"}],"wp:attachment":[{"href":"https:\/\/mfc08.de\/index.php?rest_route=%2Fwp%2Fv2%2Fmedia&parent=6598"}],"wp:term":[{"taxonomy":"category","embeddable":true,"href":"https:\/\/mfc08.de\/index.php?rest_route=%2Fwp%2Fv2%2Fcategories&post=6598"},{"taxonomy":"post_tag","embeddable":true,"href":"https:\/\/mfc08.de\/index.php?rest_route=%2Fwp%2Fv2%2Ftags&post=6598"}],"curies":[{"name":"wp","href":"https:\/\/api.w.org\/{rel}","templated":true}]}}