{"id":6637,"date":"2023-05-07T19:03:02","date_gmt":"2023-05-07T19:03:02","guid":{"rendered":"https:\/\/mfc08.de\/?p=6637"},"modified":"2023-05-07T19:03:04","modified_gmt":"2023-05-07T19:03:04","slug":"mfc-08-lindenhof-2-vfl-kurpfalz-neckarau-2-30-00","status":"publish","type":"post","link":"https:\/\/mfc08.de\/?p=6637","title":{"rendered":"MFC 08 Lindenhof 2 &#8211; VfL Kurpfalz Neckarau 2 3:0 (0:0)"},"content":{"rendered":"\n<p>Einen 3:0 (0:0) Erfolg feierte die zweite Mannschaft im Derby gegen den VfL Kurpfalz Neckarau 2<\/p>\n\n\n\n<p>In der Anfangsphase konnten sich die G\u00e4ste ein \u00dcbergewicht erspielen, diese aber nicht in Tore umsetzen und mit der Zeit fand unser Team besser ins Spiel und konnte die Partie ausgeglichen gestalten. Torlos ging es in die Pause. In der zweiten Halbzeit hatten die G\u00e4ste noch einmal die F\u00fchrung auf dem Fu\u00df, aber Mark Doy konnte gegen einen frei vor ihm auftauchenden St\u00fcrmer parieren. In der Schlussphase machte es unsere Zweite dann besser und traf dreimal in kurzer Zeit. Zun\u00e4chst spielte Nico Jehle einen Pass auf Tomislav Martinovic, der sich robust gegen seinen Gegenspieler durch setzte und zur F\u00fchrung einschoss. Wenig sp\u00e4ter war Nico Jehle selbst erfolgreich und verwandelte einen Querpass von Alexander Ruhland zum 2:0. F\u00fcr die Entscheidung sorgte dann erneut Tomislav Martinovic mit seinem zweiten Treffer zum 3:0<\/p>\n\n\n\n<p>Am n\u00e4chsten Sonntag steht f\u00fcr die Mannschaft als Auftakt f\u00fcr das extrem schwere Restprogramm mit Spielen gegen die 3 momentanen Top-Teams der Liga das Spiel beim Tabellenf\u00fchrer SC Pfingstberg-Hochst\u00e4tt auf dem Programm<\/p>\n","protected":false},"excerpt":{"rendered":"<p>Einen 3:0 (0:0) Erfolg feierte die zweite Mannschaft im Derby gegen den VfL Kurpfalz Neckarau 2 In der Anfangsphase konnten sich die G\u00e4ste ein \u00dcbergewicht erspielen, diese aber nicht in Tore umsetzen und mit der Zeit fand unser Team besser ins Spiel und konnte die Partie ausgeglichen gestalten. Torlos ging es in die Pause. In&hellip;&nbsp;<a href=\"https:\/\/mfc08.de\/?p=6637\" rel=\"bookmark\">Weiterlesen &raquo;<span class=\"screen-reader-text\">MFC 08 Lindenhof 2 &#8211; VfL Kurpfalz Neckarau 2 3:0 (0:0)<\/span><\/a><\/p>\n","protected":false},"author":5,"featured_media":5734,"comment_status":"closed","ping_status":"closed","sticky":false,"template":"","format":"standard","meta":{"neve_meta_sidebar":"","neve_meta_container":"","neve_meta_enable_content_width":"","neve_meta_content_width":0,"neve_meta_title_alignment":"","neve_meta_author_avatar":"","neve_post_elements_order":"","neve_meta_disable_header":"","neve_meta_disable_footer":"","neve_meta_disable_title":"","_themeisle_gutenberg_block_has_review":false,"footnotes":""},"categories":[5],"tags":[],"class_list":["post-6637","post","type-post","status-publish","format-standard","has-post-thumbnail","hentry","category-2-mannschaft"],"_links":{"self":[{"href":"https:\/\/mfc08.de\/index.php?rest_route=\/wp\/v2\/posts\/6637","targetHints":{"allow":["GET"]}}],"collection":[{"href":"https:\/\/mfc08.de\/index.php?rest_route=\/wp\/v2\/posts"}],"about":[{"href":"https:\/\/mfc08.de\/index.php?rest_route=\/wp\/v2\/types\/post"}],"author":[{"embeddable":true,"href":"https:\/\/mfc08.de\/index.php?rest_route=\/wp\/v2\/users\/5"}],"replies":[{"embeddable":true,"href":"https:\/\/mfc08.de\/index.php?rest_route=%2Fwp%2Fv2%2Fcomments&post=6637"}],"version-history":[{"count":1,"href":"https:\/\/mfc08.de\/index.php?rest_route=\/wp\/v2\/posts\/6637\/revisions"}],"predecessor-version":[{"id":6638,"href":"https:\/\/mfc08.de\/index.php?rest_route=\/wp\/v2\/posts\/6637\/revisions\/6638"}],"wp:featuredmedia":[{"embeddable":true,"href":"https:\/\/mfc08.de\/index.php?rest_route=\/wp\/v2\/media\/5734"}],"wp:attachment":[{"href":"https:\/\/mfc08.de\/index.php?rest_route=%2Fwp%2Fv2%2Fmedia&parent=6637"}],"wp:term":[{"taxonomy":"category","embeddable":true,"href":"https:\/\/mfc08.de\/index.php?rest_route=%2Fwp%2Fv2%2Fcategories&post=6637"},{"taxonomy":"post_tag","embeddable":true,"href":"https:\/\/mfc08.de\/index.php?rest_route=%2Fwp%2Fv2%2Ftags&post=6637"}],"curies":[{"name":"wp","href":"https:\/\/api.w.org\/{rel}","templated":true}]}}