{"id":6710,"date":"2023-06-09T15:09:49","date_gmt":"2023-06-09T15:09:49","guid":{"rendered":"https:\/\/mfc08.de\/?p=6710"},"modified":"2023-06-09T15:09:51","modified_gmt":"2023-06-09T15:09:51","slug":"sommerfest-auf-dem-08er","status":"publish","type":"post","link":"https:\/\/mfc08.de\/?p=6710","title":{"rendered":"Sommerfest auf dem 08er"},"content":{"rendered":"\n<p>Am Samstag 17.Juni \u00a0findet das gro\u00dfe Sommerfest\u00a0 ab 11:00 Uhr auf dem Gel\u00e4nde des MFC 08 statt. Mit dabei sind, neben der Jugend- und Fu\u00dfballabteilung auch die Tennis- und Roundnet Abteilungen, sowie der neue Kooperationsverein Dartsclub Mannheim United. Wie schon im letzten Jahr,\u00a0 wird wieder die vielbesuchte Fu\u00dfballdartscheibe aufgebaut werden. Alle Besucher k\u00f6nnen sich dann mit dem Fu\u00df und der Hand im Dartspiel versuchen.\u00a0Weiterhin werden alle Besucher die m\u00f6glichkeit haben Fu\u00dfballtennis oder sich in einem Fu\u00dfballparcours versuchen.<\/p>\n\n\n\n<p>Rund um das Fest wird nat\u00fcrlich f\u00fcr das leibliche Wohl f\u00fcr Gro\u00df und Klein gesorgt werden.<\/p>\n\n\n\n<p><\/p>\n","protected":false},"excerpt":{"rendered":"<p>Am Samstag 17.Juni \u00a0findet das gro\u00dfe Sommerfest\u00a0 ab 11:00 Uhr auf dem Gel\u00e4nde des MFC 08 statt. Mit dabei sind, neben der Jugend- und Fu\u00dfballabteilung auch die Tennis- und Roundnet Abteilungen, sowie der neue Kooperationsverein Dartsclub Mannheim United. Wie schon im letzten Jahr,\u00a0 wird wieder die vielbesuchte Fu\u00dfballdartscheibe aufgebaut werden. Alle Besucher k\u00f6nnen sich dann&hellip;&nbsp;<a href=\"https:\/\/mfc08.de\/?p=6710\" rel=\"bookmark\">Weiterlesen &raquo;<span class=\"screen-reader-text\">Sommerfest auf dem 08er<\/span><\/a><\/p>\n","protected":false},"author":9,"featured_media":6711,"comment_status":"closed","ping_status":"closed","sticky":false,"template":"","format":"standard","meta":{"neve_meta_sidebar":"","neve_meta_container":"","neve_meta_enable_content_width":"","neve_meta_content_width":0,"neve_meta_title_alignment":"","neve_meta_author_avatar":"","neve_post_elements_order":"","neve_meta_disable_header":"","neve_meta_disable_footer":"","neve_meta_disable_title":"","_themeisle_gutenberg_block_has_review":false,"footnotes":""},"categories":[11,1],"tags":[],"class_list":["post-6710","post","type-post","status-publish","format-standard","has-post-thumbnail","hentry","category-jugend","category-uncategorized"],"_links":{"self":[{"href":"https:\/\/mfc08.de\/index.php?rest_route=\/wp\/v2\/posts\/6710","targetHints":{"allow":["GET"]}}],"collection":[{"href":"https:\/\/mfc08.de\/index.php?rest_route=\/wp\/v2\/posts"}],"about":[{"href":"https:\/\/mfc08.de\/index.php?rest_route=\/wp\/v2\/types\/post"}],"author":[{"embeddable":true,"href":"https:\/\/mfc08.de\/index.php?rest_route=\/wp\/v2\/users\/9"}],"replies":[{"embeddable":true,"href":"https:\/\/mfc08.de\/index.php?rest_route=%2Fwp%2Fv2%2Fcomments&post=6710"}],"version-history":[{"count":1,"href":"https:\/\/mfc08.de\/index.php?rest_route=\/wp\/v2\/posts\/6710\/revisions"}],"predecessor-version":[{"id":6712,"href":"https:\/\/mfc08.de\/index.php?rest_route=\/wp\/v2\/posts\/6710\/revisions\/6712"}],"wp:featuredmedia":[{"embeddable":true,"href":"https:\/\/mfc08.de\/index.php?rest_route=\/wp\/v2\/media\/6711"}],"wp:attachment":[{"href":"https:\/\/mfc08.de\/index.php?rest_route=%2Fwp%2Fv2%2Fmedia&parent=6710"}],"wp:term":[{"taxonomy":"category","embeddable":true,"href":"https:\/\/mfc08.de\/index.php?rest_route=%2Fwp%2Fv2%2Fcategories&post=6710"},{"taxonomy":"post_tag","embeddable":true,"href":"https:\/\/mfc08.de\/index.php?rest_route=%2Fwp%2Fv2%2Ftags&post=6710"}],"curies":[{"name":"wp","href":"https:\/\/api.w.org\/{rel}","templated":true}]}}