{"id":6776,"date":"2023-07-19T20:20:24","date_gmt":"2023-07-19T20:20:24","guid":{"rendered":"https:\/\/mfc08.de\/?p=6776"},"modified":"2023-07-19T20:23:31","modified_gmt":"2023-07-19T20:23:31","slug":"es-geht-wieder-los-2","status":"publish","type":"post","link":"https:\/\/mfc08.de\/?p=6776","title":{"rendered":"Es geht wieder los"},"content":{"rendered":"\n<p>Die Sommerpause hat f\u00fcr die aktiven Mannschaften ein Ende, diese Woche wurde der Trainingsbetrieb wieder aufgenommen<\/p>\n\n\n\n<p>Die Fluktuation war in beiden Mannschaften dieses Jahr deutlich geringer als in den letzten Jahren, aber einige \u00c4nderungen gab es erneut.    <\/p>\n\n\n\n<p>Verlassen haben den Verein Tim Diederichs (zur\u00fcck zum FV Br\u00fchl), Felix Schreckenberger (TSV Wieblingen), Tomislav Martinovic (FC Germania Friedrichsfeld) und Karl Geiser (studienbedingt zum FG 03 Mombach), Janis Tieck, Krasimir Vasilev und Paul Stro haben ihre Karrieren beendet. <\/p>\n\n\n\n<p>Dem stehen mit Marcel Fe\u00dfler (Spvgg Ketsch), Hilmi Dokg\u00f6z und Tabarak Mansi (beide T\u00fcrkspor Mannheim), Enis Kajtazovic (SG HD-Kirchheim) und Marin Vrdoljak (TSV Neckarau) f\u00fcr die erste Mannschaft 5 Neuzug\u00e4nge gegen\u00fcber. F\u00fcr die zweite Mannschaft gab es mit Felix Schamoni (BC Eslohe), Till Freihaut (Starkenburgia Heppenheim) und Thomas Simon Bechberger (VfR Mannheim 3) 3 externe Neuzug\u00e4nge und Joel Koch kehrt nach Abschluss seiner Studiums zur\u00fcck.<\/p>\n\n\n\n<p>Rundenbeginn ist f\u00fcr beide Mannschaften am Sonntag, den 3.9, bis dahin stehen die ersten Pokalrunden im Kreispokal an, was die Planung der Vorbereitung etwas erschwert, da man immer nur von Woche zu Woche planen kann. <\/p>\n\n\n\n<p>Die erste Mannschaft hat in der ersten Runde Freilos, tritt dann in der zweiten Runde am Sonntag, den 6.8 beim FC T\u00fcrkspor Mannheim 2 an. Die zweite Mannschaft empf\u00e4ngt am Sonntag, den 30.7 in der ersten Runde Fortuna Heddesheim 2 <\/p>\n\n\n\n<p>Bereits jetzt am Sonntag, den 23.7 um 17.00 Uhr hat die erste Mannschaft allerdings ein kleines Highlight, man trifft in der ersten Runde des Verbands-Pokals auf den Aufsteiger in die Verbandsliga, den ASC Neuenheim     <\/p>\n\n\n\n<p>  <\/p>\n","protected":false},"excerpt":{"rendered":"<p>Die Sommerpause hat f\u00fcr die aktiven Mannschaften ein Ende, diese Woche wurde der Trainingsbetrieb wieder aufgenommen Die Fluktuation war in beiden Mannschaften dieses Jahr deutlich geringer als in den letzten Jahren, aber einige \u00c4nderungen gab es erneut. Verlassen haben den Verein Tim Diederichs (zur\u00fcck zum FV Br\u00fchl), Felix Schreckenberger (TSV Wieblingen), Tomislav Martinovic (FC Germania&hellip;&nbsp;<a href=\"https:\/\/mfc08.de\/?p=6776\" rel=\"bookmark\">Weiterlesen &raquo;<span class=\"screen-reader-text\">Es geht wieder los<\/span><\/a><\/p>\n","protected":false},"author":5,"featured_media":716,"comment_status":"closed","ping_status":"closed","sticky":false,"template":"","format":"standard","meta":{"neve_meta_sidebar":"","neve_meta_container":"","neve_meta_enable_content_width":"","neve_meta_content_width":0,"neve_meta_title_alignment":"","neve_meta_author_avatar":"","neve_post_elements_order":"","neve_meta_disable_header":"","neve_meta_disable_footer":"","neve_meta_disable_title":"","_themeisle_gutenberg_block_has_review":false,"footnotes":""},"categories":[3,5],"tags":[],"class_list":["post-6776","post","type-post","status-publish","format-standard","has-post-thumbnail","hentry","category-1-mannschaft","category-2-mannschaft"],"_links":{"self":[{"href":"https:\/\/mfc08.de\/index.php?rest_route=\/wp\/v2\/posts\/6776","targetHints":{"allow":["GET"]}}],"collection":[{"href":"https:\/\/mfc08.de\/index.php?rest_route=\/wp\/v2\/posts"}],"about":[{"href":"https:\/\/mfc08.de\/index.php?rest_route=\/wp\/v2\/types\/post"}],"author":[{"embeddable":true,"href":"https:\/\/mfc08.de\/index.php?rest_route=\/wp\/v2\/users\/5"}],"replies":[{"embeddable":true,"href":"https:\/\/mfc08.de\/index.php?rest_route=%2Fwp%2Fv2%2Fcomments&post=6776"}],"version-history":[{"count":3,"href":"https:\/\/mfc08.de\/index.php?rest_route=\/wp\/v2\/posts\/6776\/revisions"}],"predecessor-version":[{"id":6780,"href":"https:\/\/mfc08.de\/index.php?rest_route=\/wp\/v2\/posts\/6776\/revisions\/6780"}],"wp:featuredmedia":[{"embeddable":true,"href":"https:\/\/mfc08.de\/index.php?rest_route=\/wp\/v2\/media\/716"}],"wp:attachment":[{"href":"https:\/\/mfc08.de\/index.php?rest_route=%2Fwp%2Fv2%2Fmedia&parent=6776"}],"wp:term":[{"taxonomy":"category","embeddable":true,"href":"https:\/\/mfc08.de\/index.php?rest_route=%2Fwp%2Fv2%2Fcategories&post=6776"},{"taxonomy":"post_tag","embeddable":true,"href":"https:\/\/mfc08.de\/index.php?rest_route=%2Fwp%2Fv2%2Ftags&post=6776"}],"curies":[{"name":"wp","href":"https:\/\/api.w.org\/{rel}","templated":true}]}}