{"id":6828,"date":"2023-08-18T18:47:44","date_gmt":"2023-08-18T18:47:44","guid":{"rendered":"https:\/\/mfc08.de\/?p=6828"},"modified":"2023-08-18T18:47:46","modified_gmt":"2023-08-18T18:47:46","slug":"vorbereitung-ist-in-vollem-gange","status":"publish","type":"post","link":"https:\/\/mfc08.de\/?p=6828","title":{"rendered":"Vorbereitung ist in vollem Gange"},"content":{"rendered":"\n<p>Es sind noch 2 Wochen bis zum Saisonstart und die aktiven Mannschaften befinden sich in der Schlussphase der Vorbereitung.<\/p>\n\n\n\n<p>Leider kurz war dieses Jahr die Pokalsaison f\u00fcr beide Mannschaften.<\/p>\n\n\n\n<p>Die erste Mannschaft unterlag in der 1. Runde des Verbandspokals dem Aufsteiger in die Verbandsliga ASC Neuenheim mit 1:7. Im Kreispokal hatte man in der 1. Runde Freilos, in der 2. Runde musste der Gegner FC T\u00fcrkspor Mannheim 2 leider aus Personalmangel absagen und in der 3. Runde ging es dann zum Liga-Konkurrenten VfB Gartenstadt. Hier ging man kurz vor der Pause verdient in F\u00fchrung, musste aber unmittelbar vor der Halbzeit eine \u00fcberzogene rote Karte hinnehmen. Auch in Unterzahl hatte man mehrere Chancen zum 2:0, was wohl eine Vorentscheidung gewesen w\u00e4re, aber konnte diese leider nicht nutzen. So kam es leider wie so oft, und Gartenstadt nutzte in der Schlussphase die \u00dcberzahl aus und kam zu 3 Treffern zum 3:1 Endstand, womit das Aus auch im Kreispokal fest stand. <\/p>\n\n\n\n<p>Die 2. Mannschaft traf in der 1. Runde des Kreispokals auf den FV Fortuna Heddesheim 2 und unterlag hier durch ein Gegentor in der letzten Aktion der Verl\u00e4ngerung ungl\u00fccklich mit 2:3. Hierbei war man zun\u00e4chst 2:0 in F\u00fchrung gegangen und hatte kurz vor der Halbzeit die M\u00f6glichkeit per Elfmeter auf 3:0 zu erh\u00f6hen, vergab diesen jedoch und stattdessen erzielte Heddesheim im Gegenzug den Anschlusstreffer. Nach dem Ausgleich Mitte der zweiten Halbzeit gab es reichlich Chancen auf beiden Seiten, aber der entscheidende Treffer f\u00fcr die G\u00e4ste fiel wie eingangs gesagt erst in der letzten Minute der Verl\u00e4ngerung.<\/p>\n\n\n\n<p>Auch einige Freundschaftsspiele wurden mittlerweile bestritten, und hier blieben beide Mannschaften ungeschlagen. Die erste Mannschaft bezwang die A-Jugend der JSG Dielheim\/M\u00fchlhausen mit 3:0, trennte sich von dem ASC Neuenheim 2 mit 2:2 und siegte bei der TSG Wieblingen mit 5:1. Die zweite Mannschaft gewann gegen den Ludwigshafener SC 2 mit 5:2 und gegen die SpG Schatthausen 1\/Baiertal 2 mit 2:1.<\/p>\n\n\n\n<p>Abgeschlossen wird die Vorbereitung f\u00fcr die erste Mannschaft mit Spielen beim Aufsteiger in Landesliga SC Rot-Wei\u00df Rheinau (19.8 13.00 Uhr) und gegen die SG HD-Kirchheim 2 (27.8. 13.00 Uhr). Die zweite Mannschaft testet noch gegen den SV Schriesheim (20.8 13.00 Uhr) und beim ESC Blau-Wei\u00df Mannheim (27.8&nbsp; 13.00 Uhr)<\/p>\n\n\n\n<p>Ernst wird es dann f\u00fcr beide Mannschaften am Sonntag, den 3.9 mit den Derbys beim TSV Neckarau<\/p>\n","protected":false},"excerpt":{"rendered":"<p>Es sind noch 2 Wochen bis zum Saisonstart und die aktiven Mannschaften befinden sich in der Schlussphase der Vorbereitung. Leider kurz war dieses Jahr die Pokalsaison f\u00fcr beide Mannschaften. Die erste Mannschaft unterlag in der 1. Runde des Verbandspokals dem Aufsteiger in die Verbandsliga ASC Neuenheim mit 1:7. Im Kreispokal hatte man in der 1.&hellip;&nbsp;<a href=\"https:\/\/mfc08.de\/?p=6828\" rel=\"bookmark\">Weiterlesen &raquo;<span class=\"screen-reader-text\">Vorbereitung ist in vollem Gange<\/span><\/a><\/p>\n","protected":false},"author":5,"featured_media":716,"comment_status":"closed","ping_status":"closed","sticky":false,"template":"","format":"standard","meta":{"neve_meta_sidebar":"","neve_meta_container":"","neve_meta_enable_content_width":"","neve_meta_content_width":0,"neve_meta_title_alignment":"","neve_meta_author_avatar":"","neve_post_elements_order":"","neve_meta_disable_header":"","neve_meta_disable_footer":"","neve_meta_disable_title":"","_themeisle_gutenberg_block_has_review":false,"footnotes":""},"categories":[3,5],"tags":[],"class_list":["post-6828","post","type-post","status-publish","format-standard","has-post-thumbnail","hentry","category-1-mannschaft","category-2-mannschaft"],"_links":{"self":[{"href":"https:\/\/mfc08.de\/index.php?rest_route=\/wp\/v2\/posts\/6828","targetHints":{"allow":["GET"]}}],"collection":[{"href":"https:\/\/mfc08.de\/index.php?rest_route=\/wp\/v2\/posts"}],"about":[{"href":"https:\/\/mfc08.de\/index.php?rest_route=\/wp\/v2\/types\/post"}],"author":[{"embeddable":true,"href":"https:\/\/mfc08.de\/index.php?rest_route=\/wp\/v2\/users\/5"}],"replies":[{"embeddable":true,"href":"https:\/\/mfc08.de\/index.php?rest_route=%2Fwp%2Fv2%2Fcomments&post=6828"}],"version-history":[{"count":1,"href":"https:\/\/mfc08.de\/index.php?rest_route=\/wp\/v2\/posts\/6828\/revisions"}],"predecessor-version":[{"id":6829,"href":"https:\/\/mfc08.de\/index.php?rest_route=\/wp\/v2\/posts\/6828\/revisions\/6829"}],"wp:featuredmedia":[{"embeddable":true,"href":"https:\/\/mfc08.de\/index.php?rest_route=\/wp\/v2\/media\/716"}],"wp:attachment":[{"href":"https:\/\/mfc08.de\/index.php?rest_route=%2Fwp%2Fv2%2Fmedia&parent=6828"}],"wp:term":[{"taxonomy":"category","embeddable":true,"href":"https:\/\/mfc08.de\/index.php?rest_route=%2Fwp%2Fv2%2Fcategories&post=6828"},{"taxonomy":"post_tag","embeddable":true,"href":"https:\/\/mfc08.de\/index.php?rest_route=%2Fwp%2Fv2%2Ftags&post=6828"}],"curies":[{"name":"wp","href":"https:\/\/api.w.org\/{rel}","templated":true}]}}