{"id":6884,"date":"2023-09-03T20:01:26","date_gmt":"2023-09-03T20:01:26","guid":{"rendered":"https:\/\/mfc08.de\/?p=6884"},"modified":"2023-09-03T20:01:27","modified_gmt":"2023-09-03T20:01:27","slug":"tsv-neckarau-2-mfc-08-lindenhof-2-62-30","status":"publish","type":"post","link":"https:\/\/mfc08.de\/?p=6884","title":{"rendered":"TSV Neckarau 2 &#8211; MFC 08 Lindenhof 2  6:2 (3:0)"},"content":{"rendered":"\n<p>Mit einer herben 2:6 (0:3) Niederlage im Derby beim TSV Neckarau 2 startete die 2. Mannschaft in die neue Saison<\/p>\n\n\n\n<p>Das Spiel begann denkbar ung\u00fcnstig f\u00fcr unsere Elf. Direkt mit der ersten gef\u00e4hrlichen Aktion konnte ein TSV-St\u00fcrmer nach einem Freisto\u00df aus wenigen Metern unbedr\u00e4ngt zur F\u00fchrung einschie\u00dfen. Es boten sich schnell die Chancen zum Ausgleich, aber zun\u00e4chst konnte ein Zuspiel von Bennyamin Zimmer auf Mathias Roesinger gerade noch gekl\u00e4rt werden und kurz darauf lief Mathias Roesinger alleine auf das Tor zu, z\u00f6gerte aber etwas zu lange und konnte noch abgeblockt werden. Besser machten es erneut die Gastgeber. Nach einem Fehlpass im Mittelfeld spielten sie schnell in die Spitze und erh\u00f6hten auf 2:0. Danach hatte unsere Elf zwar deutlich mehr Ballbesitz, aber im gef\u00e4hrlichen Bereich kam der letzte Ball immer wieder nicht an. Gef\u00e4hrlich wurde es bei Standards, aber 2 Kopfb\u00e4lle verfehlten das Ziel. Kurz vor der Pause verpasste man es den Ball im Strafraum sicher zu kl\u00e4ren, und so konnte der TSV sogar auf 3:0 erh\u00f6hen. Auch nach der Pause war unsere Zweite zwar feld\u00fcberlegen, im letzten Bereich aber weiter zu ungenau und jetzt kamen auch die Gastgeber immer wieder zu gef\u00e4hrlichen Kontern. Der TSV Torwart zeigte sich dann bei 2 Sch\u00fcssen von Mathias Roesinger auf dem Posten und verhinderte somit den m\u00f6glichen Anschluss. Als der TSV dann nach einer feinen Einzelleistung sogar auf 4:0 erh\u00f6hte, schien die Partie endg\u00fcltig entschieden. Aber unser Team gab nicht auf und nach 2 Standards konnten Tim Glette und Jonas Becker auf 2:4 verk\u00fcrzen. Nach einem Eckball bot sich sogar die Chance zum 3:4, was noch einmal f\u00fcr spannende Schlussminuten gesorgt h\u00e4tte. Doch stattdessen sorgte ein weitere individueller Fehler in der Abwehr f\u00fcr die endg\u00fcltige Entscheidung. Nach einem weiten Ball in die Spitze war die Situation eigentlich schon bereinigt, doch dann landete ein Fehlpass bei einem v\u00f6llig freistehenden TSV-St\u00fcrmer im Strafraum, der sich dieses Geschenk nicht entgehen &nbsp;lie\u00df und zum 5:2 traf. Bezeichnend f\u00fcr dieses Spiel dann das 6:2 als sich mit der letzten Aktion des Spiels ein Befreiungsschlag eines TSV-Verteidigers aus der eigenen H\u00e4lfte ins Tor senkte.<\/p>\n\n\n\n<p>Die M\u00f6glichkeit zur Wiedergutmachung bietet sich der Mannschaft am kommenden Sonntag im ersten Heimspiel gegen den FK Bosna Mannheim &nbsp;&nbsp;&nbsp;&nbsp;&nbsp;<\/p>\n","protected":false},"excerpt":{"rendered":"<p>Mit einer herben 2:6 (0:3) Niederlage im Derby beim TSV Neckarau 2 startete die 2. Mannschaft in die neue Saison Das Spiel begann denkbar ung\u00fcnstig f\u00fcr unsere Elf. Direkt mit der ersten gef\u00e4hrlichen Aktion konnte ein TSV-St\u00fcrmer nach einem Freisto\u00df aus wenigen Metern unbedr\u00e4ngt zur F\u00fchrung einschie\u00dfen. Es boten sich schnell die Chancen zum Ausgleich,&hellip;&nbsp;<a href=\"https:\/\/mfc08.de\/?p=6884\" rel=\"bookmark\">Weiterlesen &raquo;<span class=\"screen-reader-text\">TSV Neckarau 2 &#8211; MFC 08 Lindenhof 2  6:2 (3:0)<\/span><\/a><\/p>\n","protected":false},"author":5,"featured_media":6807,"comment_status":"closed","ping_status":"closed","sticky":false,"template":"","format":"standard","meta":{"neve_meta_sidebar":"","neve_meta_container":"","neve_meta_enable_content_width":"","neve_meta_content_width":0,"neve_meta_title_alignment":"","neve_meta_author_avatar":"","neve_post_elements_order":"","neve_meta_disable_header":"","neve_meta_disable_footer":"","neve_meta_disable_title":"","_themeisle_gutenberg_block_has_review":false,"footnotes":""},"categories":[5],"tags":[],"class_list":["post-6884","post","type-post","status-publish","format-standard","has-post-thumbnail","hentry","category-2-mannschaft"],"_links":{"self":[{"href":"https:\/\/mfc08.de\/index.php?rest_route=\/wp\/v2\/posts\/6884","targetHints":{"allow":["GET"]}}],"collection":[{"href":"https:\/\/mfc08.de\/index.php?rest_route=\/wp\/v2\/posts"}],"about":[{"href":"https:\/\/mfc08.de\/index.php?rest_route=\/wp\/v2\/types\/post"}],"author":[{"embeddable":true,"href":"https:\/\/mfc08.de\/index.php?rest_route=\/wp\/v2\/users\/5"}],"replies":[{"embeddable":true,"href":"https:\/\/mfc08.de\/index.php?rest_route=%2Fwp%2Fv2%2Fcomments&post=6884"}],"version-history":[{"count":1,"href":"https:\/\/mfc08.de\/index.php?rest_route=\/wp\/v2\/posts\/6884\/revisions"}],"predecessor-version":[{"id":6885,"href":"https:\/\/mfc08.de\/index.php?rest_route=\/wp\/v2\/posts\/6884\/revisions\/6885"}],"wp:featuredmedia":[{"embeddable":true,"href":"https:\/\/mfc08.de\/index.php?rest_route=\/wp\/v2\/media\/6807"}],"wp:attachment":[{"href":"https:\/\/mfc08.de\/index.php?rest_route=%2Fwp%2Fv2%2Fmedia&parent=6884"}],"wp:term":[{"taxonomy":"category","embeddable":true,"href":"https:\/\/mfc08.de\/index.php?rest_route=%2Fwp%2Fv2%2Fcategories&post=6884"},{"taxonomy":"post_tag","embeddable":true,"href":"https:\/\/mfc08.de\/index.php?rest_route=%2Fwp%2Fv2%2Ftags&post=6884"}],"curies":[{"name":"wp","href":"https:\/\/api.w.org\/{rel}","templated":true}]}}