{"id":7034,"date":"2023-09-10T20:43:48","date_gmt":"2023-09-10T20:43:48","guid":{"rendered":"https:\/\/mfc08.de\/?p=7034"},"modified":"2023-09-10T20:43:51","modified_gmt":"2023-09-10T20:43:51","slug":"mfc-08-lindenhof-2-fk-bosna-mannheim-01-00","status":"publish","type":"post","link":"https:\/\/mfc08.de\/?p=7034","title":{"rendered":"MFC 08 Lindenhof 2 &#8211; FK Bosna Mannheim 0:1 (0:0)"},"content":{"rendered":"\n<p>Eine 0:1 (0:0) Niederlage musste die zweite Mannschaft im ersten Heimspiel gegen FK Bosna Mannheim hinnehmen<\/p>\n\n\n\n<p>In einer ereignisarmen ersten Halbzeit neutralisierten sich beide Mannschaften weitgehend. Bei einer Chance der G\u00e4ste zeigte sich Mark Doy im Tor auf dem Posten, und bei der besten Chance unseres Teams setzte Bennyamin Zimmer den Ball aus aussichtsreicher Position \u00fcber das Tor, so dass es torlos in die Pause ging. Die erste gef\u00e4hrliche Aktion der zweiten Halbzeit hatte wieder unsere Zweite, aber ein Schuss von Tim Glette aus der zweiten Reihe strich knapp am Pfosten vorbei. Stattdessen ging Bosna kurz danach in F\u00fchrung. Nach einem Ballverlust im Mittelfeld wurde der Ball schnell in die Spitze gespielt, der St\u00fcrmer kam knapp vor Mark Doy an den Ball, umspielte diesen und traf dann ins leere Tor. Unser Team danach zwar um den Ausgleich bem\u00fcht, aber die G\u00e4ste standen defensiv diszipliniert und lie\u00dfen kaum etwas zu. Gl\u00fcck f\u00fcr unser Team sogar, als ein Freisto\u00df an den Pfosten klatschte. Die beste Chance zum Ausgleich bot sich Kai Armbruster, doch sein Kopfball ging knapp \u00fcber das Tor. Auf der anderen Seite scheiterten die G\u00e4ste noch einmal an der Latte, so dass es auch nach der hektischen Schlussphase beim 0:1 blieb &nbsp;&nbsp;&nbsp;&nbsp;&nbsp;&nbsp;&nbsp;&nbsp;&nbsp;&nbsp;&nbsp;&nbsp;&nbsp;&nbsp;&nbsp;&nbsp;&nbsp;<\/p>\n\n\n\n<p>N\u00e4chste Woche steht f\u00fcr die Elf das schwierige Ausw\u00e4rtsspiel bei einem der Top-Favoriten, dem SV Enosis Mannheim, an<\/p>\n","protected":false},"excerpt":{"rendered":"<p>Eine 0:1 (0:0) Niederlage musste die zweite Mannschaft im ersten Heimspiel gegen FK Bosna Mannheim hinnehmen In einer ereignisarmen ersten Halbzeit neutralisierten sich beide Mannschaften weitgehend. Bei einer Chance der G\u00e4ste zeigte sich Mark Doy im Tor auf dem Posten, und bei der besten Chance unseres Teams setzte Bennyamin Zimmer den Ball aus aussichtsreicher Position&hellip;&nbsp;<a href=\"https:\/\/mfc08.de\/?p=7034\" rel=\"bookmark\">Weiterlesen &raquo;<span class=\"screen-reader-text\">MFC 08 Lindenhof 2 &#8211; FK Bosna Mannheim 0:1 (0:0)<\/span><\/a><\/p>\n","protected":false},"author":5,"featured_media":6807,"comment_status":"closed","ping_status":"closed","sticky":false,"template":"","format":"standard","meta":{"neve_meta_sidebar":"","neve_meta_container":"","neve_meta_enable_content_width":"","neve_meta_content_width":0,"neve_meta_title_alignment":"","neve_meta_author_avatar":"","neve_post_elements_order":"","neve_meta_disable_header":"","neve_meta_disable_footer":"","neve_meta_disable_title":"","_themeisle_gutenberg_block_has_review":false,"footnotes":""},"categories":[5],"tags":[],"class_list":["post-7034","post","type-post","status-publish","format-standard","has-post-thumbnail","hentry","category-2-mannschaft"],"_links":{"self":[{"href":"https:\/\/mfc08.de\/index.php?rest_route=\/wp\/v2\/posts\/7034","targetHints":{"allow":["GET"]}}],"collection":[{"href":"https:\/\/mfc08.de\/index.php?rest_route=\/wp\/v2\/posts"}],"about":[{"href":"https:\/\/mfc08.de\/index.php?rest_route=\/wp\/v2\/types\/post"}],"author":[{"embeddable":true,"href":"https:\/\/mfc08.de\/index.php?rest_route=\/wp\/v2\/users\/5"}],"replies":[{"embeddable":true,"href":"https:\/\/mfc08.de\/index.php?rest_route=%2Fwp%2Fv2%2Fcomments&post=7034"}],"version-history":[{"count":1,"href":"https:\/\/mfc08.de\/index.php?rest_route=\/wp\/v2\/posts\/7034\/revisions"}],"predecessor-version":[{"id":7035,"href":"https:\/\/mfc08.de\/index.php?rest_route=\/wp\/v2\/posts\/7034\/revisions\/7035"}],"wp:featuredmedia":[{"embeddable":true,"href":"https:\/\/mfc08.de\/index.php?rest_route=\/wp\/v2\/media\/6807"}],"wp:attachment":[{"href":"https:\/\/mfc08.de\/index.php?rest_route=%2Fwp%2Fv2%2Fmedia&parent=7034"}],"wp:term":[{"taxonomy":"category","embeddable":true,"href":"https:\/\/mfc08.de\/index.php?rest_route=%2Fwp%2Fv2%2Fcategories&post=7034"},{"taxonomy":"post_tag","embeddable":true,"href":"https:\/\/mfc08.de\/index.php?rest_route=%2Fwp%2Fv2%2Ftags&post=7034"}],"curies":[{"name":"wp","href":"https:\/\/api.w.org\/{rel}","templated":true}]}}