{"id":7110,"date":"2023-09-22T13:53:44","date_gmt":"2023-09-22T13:53:44","guid":{"rendered":"https:\/\/mfc08.de\/?p=7110"},"modified":"2023-09-22T13:53:46","modified_gmt":"2023-09-22T13:53:46","slug":"jugend-startet-in-die-saison-2023-24","status":"publish","type":"post","link":"https:\/\/mfc08.de\/?p=7110","title":{"rendered":"Jugend startet in die Saison 2023\/24"},"content":{"rendered":"\n<p>Die neue Spielrunde&nbsp; 2023\/24 hat am letzten Wochenende nach der langen Sommerpause mit den Spielen der A \u2013 D Jugend wieder begonnen.<\/p>\n\n\n\n<p>Morgen Samstag den&nbsp; 23.09. beginnt es dann auch f\u00fcr die Spieler der E und F-Jugend. Ganz besonders dr\u00fccken wir den F-Jugend Spielern des Jahrganges 2016 die Daumen und w\u00fcnschen ihnen viel Freude, Spa\u00df und Erfolg, da sie das erste Mal an den Spieltagen teilnehmen.<\/p>\n\n\n\n<p>Auch in diesem Jahr konnten wir wieder in allen Junioren Altersgruppen eine Mannschaft f\u00fcr den Spielbetrieb melden und auch eine B-Juniorinnen Mannschaft nimmt wieder am Spielbetrieb teil.<\/p>\n\n\n\n<p>An dieser Stelle m\u00f6chten wir uns auch bei allen unseren Trainern und Trainerinnen f\u00fcr ihre ehrenamtliche Arbeit bedanken.<\/p>\n\n\n\n<p>Ein \u201eDankesch\u00f6n\u201c zum Abschied geht an unsere Trainer, die nach langj\u00e4hriger Arbeit &nbsp;ihr Amt beendet haben. &nbsp;&nbsp;&nbsp;&nbsp;&nbsp;&nbsp;&nbsp;&nbsp;<\/p>\n\n\n\n<ul class=\"wp-block-list\">\n<li>Nico Jehle aus der A-Jugend<\/li>\n\n\n\n<li>Silvio Romano aus der D-Jugend<\/li>\n\n\n\n<li>Mark Doy, der aus der D-Jugend zu der neuen Damen Mannschaft gewechselt hat. &nbsp;<\/li>\n<\/ul>\n\n\n\n<p>Wir w\u00fcnschen allen unseren Spielern\/Spielerinnen, Trainern\/Trainerinnen, Verantwortlichen und Eltern eine spannende und erfolgreiche Herbstrunde. Damit wir am Ende auch dieses Jahr einen Staffelsieger begl\u00fcckw\u00fcnschen d\u00fcrfen.<\/p>\n","protected":false},"excerpt":{"rendered":"<p>Die neue Spielrunde&nbsp; 2023\/24 hat am letzten Wochenende nach der langen Sommerpause mit den Spielen der A \u2013 D Jugend wieder begonnen. Morgen Samstag den&nbsp; 23.09. beginnt es dann auch f\u00fcr die Spieler der E und F-Jugend. Ganz besonders dr\u00fccken wir den F-Jugend Spielern des Jahrganges 2016 die Daumen und w\u00fcnschen ihnen viel Freude, Spa\u00df&hellip;&nbsp;<a href=\"https:\/\/mfc08.de\/?p=7110\" rel=\"bookmark\">Weiterlesen &raquo;<span class=\"screen-reader-text\">Jugend startet in die Saison 2023\/24<\/span><\/a><\/p>\n","protected":false},"author":9,"featured_media":3280,"comment_status":"closed","ping_status":"closed","sticky":false,"template":"","format":"standard","meta":{"neve_meta_sidebar":"","neve_meta_container":"","neve_meta_enable_content_width":"","neve_meta_content_width":0,"neve_meta_title_alignment":"","neve_meta_author_avatar":"","neve_post_elements_order":"","neve_meta_disable_header":"","neve_meta_disable_footer":"","neve_meta_disable_title":"","_themeisle_gutenberg_block_has_review":false,"footnotes":""},"categories":[11,1],"tags":[],"class_list":["post-7110","post","type-post","status-publish","format-standard","has-post-thumbnail","hentry","category-jugend","category-uncategorized"],"_links":{"self":[{"href":"https:\/\/mfc08.de\/index.php?rest_route=\/wp\/v2\/posts\/7110","targetHints":{"allow":["GET"]}}],"collection":[{"href":"https:\/\/mfc08.de\/index.php?rest_route=\/wp\/v2\/posts"}],"about":[{"href":"https:\/\/mfc08.de\/index.php?rest_route=\/wp\/v2\/types\/post"}],"author":[{"embeddable":true,"href":"https:\/\/mfc08.de\/index.php?rest_route=\/wp\/v2\/users\/9"}],"replies":[{"embeddable":true,"href":"https:\/\/mfc08.de\/index.php?rest_route=%2Fwp%2Fv2%2Fcomments&post=7110"}],"version-history":[{"count":1,"href":"https:\/\/mfc08.de\/index.php?rest_route=\/wp\/v2\/posts\/7110\/revisions"}],"predecessor-version":[{"id":7111,"href":"https:\/\/mfc08.de\/index.php?rest_route=\/wp\/v2\/posts\/7110\/revisions\/7111"}],"wp:featuredmedia":[{"embeddable":true,"href":"https:\/\/mfc08.de\/index.php?rest_route=\/wp\/v2\/media\/3280"}],"wp:attachment":[{"href":"https:\/\/mfc08.de\/index.php?rest_route=%2Fwp%2Fv2%2Fmedia&parent=7110"}],"wp:term":[{"taxonomy":"category","embeddable":true,"href":"https:\/\/mfc08.de\/index.php?rest_route=%2Fwp%2Fv2%2Fcategories&post=7110"},{"taxonomy":"post_tag","embeddable":true,"href":"https:\/\/mfc08.de\/index.php?rest_route=%2Fwp%2Fv2%2Ftags&post=7110"}],"curies":[{"name":"wp","href":"https:\/\/api.w.org\/{rel}","templated":true}]}}