{"id":7140,"date":"2023-09-24T19:52:35","date_gmt":"2023-09-24T19:52:35","guid":{"rendered":"https:\/\/mfc08.de\/?p=7140"},"modified":"2023-09-24T19:53:45","modified_gmt":"2023-09-24T19:53:45","slug":"mfc-08-lindenhof-fc-hochstaett-tuerkspor-62-11","status":"publish","type":"post","link":"https:\/\/mfc08.de\/?p=7140","title":{"rendered":"MFC 08 Lindenhof &#8211; FC Hochst\u00e4tt T\u00fcrkspor 6:2 (1:1)"},"content":{"rendered":"\n<p>Dank einer deutlichen Leistungssteigerung in der zweiten Halbzeit kam die erste Mannschaft zu einem deutlichen 6:2 (1:1) Sieg gegen den FC Hochst\u00e4tt T\u00fcrkspor<\/p>\n\n\n\n<p>Vom Anpfiff weg spielten die G\u00e4ste einen langen Ball in die Spitze und Marin Vrdoljak traf beim Versuch zu kl\u00e4ren von der Strafraumgrenze ungl\u00fccklich ins eigene Tor zum schnellen 0:1. In der Folgezeit hatte zwar deutlich mehr Ballbesitz, machte sich das Leben aber durch viele Ungenauigkeiten und wenig Tempo im Spiel selbst schwer. Erst gegen Ende der ersten Halbzeit konnte man etwas mehr Torgefahr ausstrahlen. Nach einem sch\u00f6nen Pass von Kevin Heck wurde Tobias Baumann im Strafraum zu Fall gebracht, und Ivan Vlaho verwandelte den Elfmeter souver\u00e4n zum Ausgleich. Auch zu Beginn der zweiten Halbzeit tat man sich zun\u00e4chst noch schwer gegen die Defensive der G\u00e4ste durchzusetzen, aber nach einer Stunde gelang dann doch die F\u00fchrung. Endlich wurde einmal schnell und genau in den Strafraum gespielt, Kevin Heck legte den Ball vor dem Tor quer und Aleksandar Markovic konnte die F\u00fchrung erzielen. Und nur kurz danach flankte Ivan Vlaho erneut auf Aleksandar Markovic, der sich den Ball noch zurecht legen konnte und auf 3:1 erh\u00f6hte. Danach boten sich mehr R\u00e4ume nach vorne und Enis Kajtazovic und Patrick Piontek erh\u00f6hten auf 5:1. Bei einem der ganz seltenen Angriffe verk\u00fcrzte Hochst\u00e4tt T\u00fcrkspor zwar auf 2:5, aber erneut Aleksandar Markovic stellte mit seinem dritten Treffer den alten Abstand wieder her und das 6:2 bedeutet auch gleichzeitig den Endstand<\/p>\n\n\n\n<p>N\u00e4chste Woche ist die Mannschaft beim Aufsteiger SC K\u00e4fertal gefordert und muss dort versuchen den Platz im Vorderfeld der Tabelle zu verteidigen<\/p>\n","protected":false},"excerpt":{"rendered":"<p>Dank einer deutlichen Leistungssteigerung in der zweiten Halbzeit kam die erste Mannschaft zu einem deutlichen 6:2 (1:1) Sieg gegen den FC Hochst\u00e4tt T\u00fcrkspor Vom Anpfiff weg spielten die G\u00e4ste einen langen Ball in die Spitze und Marin Vrdoljak traf beim Versuch zu kl\u00e4ren von der Strafraumgrenze ungl\u00fccklich ins eigene Tor zum schnellen 0:1. In der&hellip;&nbsp;<a href=\"https:\/\/mfc08.de\/?p=7140\" rel=\"bookmark\">Weiterlesen &raquo;<span class=\"screen-reader-text\">MFC 08 Lindenhof &#8211; FC Hochst\u00e4tt T\u00fcrkspor 6:2 (1:1)<\/span><\/a><\/p>\n","protected":false},"author":5,"featured_media":7038,"comment_status":"closed","ping_status":"closed","sticky":false,"template":"","format":"standard","meta":{"neve_meta_sidebar":"","neve_meta_container":"","neve_meta_enable_content_width":"","neve_meta_content_width":0,"neve_meta_title_alignment":"","neve_meta_author_avatar":"","neve_post_elements_order":"","neve_meta_disable_header":"","neve_meta_disable_footer":"","neve_meta_disable_title":"","_themeisle_gutenberg_block_has_review":false,"footnotes":""},"categories":[3],"tags":[],"class_list":["post-7140","post","type-post","status-publish","format-standard","has-post-thumbnail","hentry","category-1-mannschaft"],"_links":{"self":[{"href":"https:\/\/mfc08.de\/index.php?rest_route=\/wp\/v2\/posts\/7140","targetHints":{"allow":["GET"]}}],"collection":[{"href":"https:\/\/mfc08.de\/index.php?rest_route=\/wp\/v2\/posts"}],"about":[{"href":"https:\/\/mfc08.de\/index.php?rest_route=\/wp\/v2\/types\/post"}],"author":[{"embeddable":true,"href":"https:\/\/mfc08.de\/index.php?rest_route=\/wp\/v2\/users\/5"}],"replies":[{"embeddable":true,"href":"https:\/\/mfc08.de\/index.php?rest_route=%2Fwp%2Fv2%2Fcomments&post=7140"}],"version-history":[{"count":1,"href":"https:\/\/mfc08.de\/index.php?rest_route=\/wp\/v2\/posts\/7140\/revisions"}],"predecessor-version":[{"id":7141,"href":"https:\/\/mfc08.de\/index.php?rest_route=\/wp\/v2\/posts\/7140\/revisions\/7141"}],"wp:featuredmedia":[{"embeddable":true,"href":"https:\/\/mfc08.de\/index.php?rest_route=\/wp\/v2\/media\/7038"}],"wp:attachment":[{"href":"https:\/\/mfc08.de\/index.php?rest_route=%2Fwp%2Fv2%2Fmedia&parent=7140"}],"wp:term":[{"taxonomy":"category","embeddable":true,"href":"https:\/\/mfc08.de\/index.php?rest_route=%2Fwp%2Fv2%2Fcategories&post=7140"},{"taxonomy":"post_tag","embeddable":true,"href":"https:\/\/mfc08.de\/index.php?rest_route=%2Fwp%2Fv2%2Ftags&post=7140"}],"curies":[{"name":"wp","href":"https:\/\/api.w.org\/{rel}","templated":true}]}}