{"id":7160,"date":"2023-10-08T20:51:27","date_gmt":"2023-10-08T20:51:27","guid":{"rendered":"https:\/\/mfc08.de\/?p=7160"},"modified":"2023-10-08T20:51:28","modified_gmt":"2023-10-08T20:51:28","slug":"vfb-gartenstadt-mfc-08-lindenhof-22-11","status":"publish","type":"post","link":"https:\/\/mfc08.de\/?p=7160","title":{"rendered":"VfB Gartenstadt &#8211; MFC 08 Lindenhof 2:2 (1:1)"},"content":{"rendered":"\n<p>Zu einem leistungsgerechten 2:2 (1:1) Unentschieden kam die erste Mannschaft beim VfB Gartenstadt<\/p>\n\n\n\n<p>Das Spiel begann seht gut f\u00fcr unser Team. Bereits nach wenigen Minuten lief Enis Kajtazovic in einen Querpass in der gegnerischen Abwehr und vollendete frei vor dem Torwart zur F\u00fchrung. Auch in der Folgezeit war unsere Elf zun\u00e4chst besser im Spiel. Erst Mitte der ersten Halbzeit kamen die Gastgeber besser ins Spiel und so erzielten sie nach einer halben Stunde nicht unverdient den Ausgleich. Ende der ersten Halbzeit neutralisierten sich beide Mannschaften dann weitgehend, so dass es mit diesem 1:1 auch in die Pause ging. Auch zu Beginn der zweiten Halbzeit entwickelte sich ein weitgehend ausgeglichenes Spiel, in dem Gartenstadt nach einem Konter in F\u00fchrung gehen konnten. Aber unser Team lie\u00df sich davon nicht entmutigen, spielte weiter nach vorne und 10 Minuten vor Spielende spielte Sergio Latorre einen sch\u00f6nen Pass in den Lauf von Patrick Piontek, der zum verdienten Ausgleich traf. Auch in der Schlussphase suchten beide Mannschaften noch die Entscheidung, die Defensiven standen aber auf beiden Seiten gut und so blieb es bis zum Ende beim 2:2<\/p>\n\n\n\n<p>N\u00e4chste Woche gilt es im Heimspiel gegen die TSG Eintracht Plankstadt den Anschluss an die Spitzenpl\u00e4tze zu halten &nbsp;&nbsp;&nbsp;&nbsp;&nbsp;&nbsp;&nbsp;&nbsp;&nbsp;&nbsp;&nbsp;&nbsp;&nbsp;&nbsp;&nbsp;&nbsp;<\/p>\n","protected":false},"excerpt":{"rendered":"<p>Zu einem leistungsgerechten 2:2 (1:1) Unentschieden kam die erste Mannschaft beim VfB Gartenstadt Das Spiel begann seht gut f\u00fcr unser Team. Bereits nach wenigen Minuten lief Enis Kajtazovic in einen Querpass in der gegnerischen Abwehr und vollendete frei vor dem Torwart zur F\u00fchrung. Auch in der Folgezeit war unsere Elf zun\u00e4chst besser im Spiel. Erst&hellip;&nbsp;<a href=\"https:\/\/mfc08.de\/?p=7160\" rel=\"bookmark\">Weiterlesen &raquo;<span class=\"screen-reader-text\">VfB Gartenstadt &#8211; MFC 08 Lindenhof 2:2 (1:1)<\/span><\/a><\/p>\n","protected":false},"author":5,"featured_media":7038,"comment_status":"closed","ping_status":"closed","sticky":false,"template":"","format":"standard","meta":{"neve_meta_sidebar":"","neve_meta_container":"","neve_meta_enable_content_width":"","neve_meta_content_width":0,"neve_meta_title_alignment":"","neve_meta_author_avatar":"","neve_post_elements_order":"","neve_meta_disable_header":"","neve_meta_disable_footer":"","neve_meta_disable_title":"","_themeisle_gutenberg_block_has_review":false,"footnotes":""},"categories":[3],"tags":[],"class_list":["post-7160","post","type-post","status-publish","format-standard","has-post-thumbnail","hentry","category-1-mannschaft"],"_links":{"self":[{"href":"https:\/\/mfc08.de\/index.php?rest_route=\/wp\/v2\/posts\/7160","targetHints":{"allow":["GET"]}}],"collection":[{"href":"https:\/\/mfc08.de\/index.php?rest_route=\/wp\/v2\/posts"}],"about":[{"href":"https:\/\/mfc08.de\/index.php?rest_route=\/wp\/v2\/types\/post"}],"author":[{"embeddable":true,"href":"https:\/\/mfc08.de\/index.php?rest_route=\/wp\/v2\/users\/5"}],"replies":[{"embeddable":true,"href":"https:\/\/mfc08.de\/index.php?rest_route=%2Fwp%2Fv2%2Fcomments&post=7160"}],"version-history":[{"count":1,"href":"https:\/\/mfc08.de\/index.php?rest_route=\/wp\/v2\/posts\/7160\/revisions"}],"predecessor-version":[{"id":7161,"href":"https:\/\/mfc08.de\/index.php?rest_route=\/wp\/v2\/posts\/7160\/revisions\/7161"}],"wp:featuredmedia":[{"embeddable":true,"href":"https:\/\/mfc08.de\/index.php?rest_route=\/wp\/v2\/media\/7038"}],"wp:attachment":[{"href":"https:\/\/mfc08.de\/index.php?rest_route=%2Fwp%2Fv2%2Fmedia&parent=7160"}],"wp:term":[{"taxonomy":"category","embeddable":true,"href":"https:\/\/mfc08.de\/index.php?rest_route=%2Fwp%2Fv2%2Fcategories&post=7160"},{"taxonomy":"post_tag","embeddable":true,"href":"https:\/\/mfc08.de\/index.php?rest_route=%2Fwp%2Fv2%2Ftags&post=7160"}],"curies":[{"name":"wp","href":"https:\/\/api.w.org\/{rel}","templated":true}]}}