{"id":7167,"date":"2023-10-15T19:11:12","date_gmt":"2023-10-15T19:11:12","guid":{"rendered":"https:\/\/mfc08.de\/?p=7167"},"modified":"2023-10-15T19:11:55","modified_gmt":"2023-10-15T19:11:55","slug":"mfc-08-lindenhof-2-sg-oftersheim-15-01","status":"publish","type":"post","link":"https:\/\/mfc08.de\/?p=7167","title":{"rendered":"MFC 08 Lindenhof 2 &#8211; SG Oftersheim 1:5 (0:1)"},"content":{"rendered":"\n<p>Eine am Ende etwas zu hoch ausgefallenen 1:5 (0:1) Niederlage musste die zweite Mannschaft gegen die SG Oftersheim hinnehmen<\/p>\n\n\n\n<p><br>Der Kreisliga-Absteiger ging bereits fr\u00fch durch einen satten Schuss aus 20 Metern in F\u00fchrung. Danach entwickelte sich eine weitgehend ausgeglichene Partie ohne grosse Chancen. Bei der besten Gelegenheit unseres Teams konnte der Oftersheimer Torwart einen Schuss von Tim Glette aus kurzer Distanz parieren. Auf der anderen Seite konnte auch Jan Bleil im Tor eine gute Chance abwehren. So blieb es bis zur Pause beim 0:1. In der zweiten Halbzeit verstanden es die G\u00e4ste immer wieder gef\u00e4hrliche P\u00e4sse in die Spitze zu spielen und somit Chancen zu generieren. Zun\u00e4chst konnte Jan Bleil noch zweimal gut parieren, doch dann erh\u00f6hte Oftersheim doch auf 2:0. Hoffnung keimte auf, als kurz danach Tim Glette im Strafraum an den Ball kam und auf 1:2 verk\u00fcrzen konnte. Die Mannschaft danach zwar bem\u00fcht zum Ausgleich zu kommen, aber Oftersheim bleib weiterhin gef\u00e4hrlicher und 10 Minuten vor Schluss gelang mit dem 1:3 die Vorentscheidung. Leider lie\u00df sich unsere Elf in den Schlussminuten noch zweimal auskontern, so dass es am Ende sogar 1:5 hie\u00df<\/p>\n\n\n\n<p><br>N\u00e4chste Woche muss das Team beim FV 08 Hockenheim erneut gegen einen Kreisliga-Absteiger antreten<\/p>\n","protected":false},"excerpt":{"rendered":"<p>Eine am Ende etwas zu hoch ausgefallenen 1:5 (0:1) Niederlage musste die zweite Mannschaft gegen die SG Oftersheim hinnehmen Der Kreisliga-Absteiger ging bereits fr\u00fch durch einen satten Schuss aus 20 Metern in F\u00fchrung. Danach entwickelte sich eine weitgehend ausgeglichene Partie ohne grosse Chancen. Bei der besten Gelegenheit unseres Teams konnte der Oftersheimer Torwart einen Schuss&hellip;&nbsp;<a href=\"https:\/\/mfc08.de\/?p=7167\" rel=\"bookmark\">Weiterlesen &raquo;<span class=\"screen-reader-text\">MFC 08 Lindenhof 2 &#8211; SG Oftersheim 1:5 (0:1)<\/span><\/a><\/p>\n","protected":false},"author":5,"featured_media":7037,"comment_status":"closed","ping_status":"closed","sticky":false,"template":"","format":"standard","meta":{"neve_meta_sidebar":"","neve_meta_container":"","neve_meta_enable_content_width":"","neve_meta_content_width":0,"neve_meta_title_alignment":"","neve_meta_author_avatar":"","neve_post_elements_order":"","neve_meta_disable_header":"","neve_meta_disable_footer":"","neve_meta_disable_title":"","_themeisle_gutenberg_block_has_review":false,"footnotes":""},"categories":[5],"tags":[],"class_list":["post-7167","post","type-post","status-publish","format-standard","has-post-thumbnail","hentry","category-2-mannschaft"],"_links":{"self":[{"href":"https:\/\/mfc08.de\/index.php?rest_route=\/wp\/v2\/posts\/7167","targetHints":{"allow":["GET"]}}],"collection":[{"href":"https:\/\/mfc08.de\/index.php?rest_route=\/wp\/v2\/posts"}],"about":[{"href":"https:\/\/mfc08.de\/index.php?rest_route=\/wp\/v2\/types\/post"}],"author":[{"embeddable":true,"href":"https:\/\/mfc08.de\/index.php?rest_route=\/wp\/v2\/users\/5"}],"replies":[{"embeddable":true,"href":"https:\/\/mfc08.de\/index.php?rest_route=%2Fwp%2Fv2%2Fcomments&post=7167"}],"version-history":[{"count":2,"href":"https:\/\/mfc08.de\/index.php?rest_route=\/wp\/v2\/posts\/7167\/revisions"}],"predecessor-version":[{"id":7169,"href":"https:\/\/mfc08.de\/index.php?rest_route=\/wp\/v2\/posts\/7167\/revisions\/7169"}],"wp:featuredmedia":[{"embeddable":true,"href":"https:\/\/mfc08.de\/index.php?rest_route=\/wp\/v2\/media\/7037"}],"wp:attachment":[{"href":"https:\/\/mfc08.de\/index.php?rest_route=%2Fwp%2Fv2%2Fmedia&parent=7167"}],"wp:term":[{"taxonomy":"category","embeddable":true,"href":"https:\/\/mfc08.de\/index.php?rest_route=%2Fwp%2Fv2%2Fcategories&post=7167"},{"taxonomy":"post_tag","embeddable":true,"href":"https:\/\/mfc08.de\/index.php?rest_route=%2Fwp%2Fv2%2Ftags&post=7167"}],"curies":[{"name":"wp","href":"https:\/\/api.w.org\/{rel}","templated":true}]}}