{"id":7170,"date":"2023-10-15T19:13:29","date_gmt":"2023-10-15T19:13:29","guid":{"rendered":"https:\/\/mfc08.de\/?p=7170"},"modified":"2023-10-15T19:13:31","modified_gmt":"2023-10-15T19:13:31","slug":"mfc-08-lindenhof-tsg-eintracht-plankstadt-32-10","status":"publish","type":"post","link":"https:\/\/mfc08.de\/?p=7170","title":{"rendered":"MFC 08 Lindenhof &#8211; TSG Eintracht Plankstadt 3:2 (1:0)"},"content":{"rendered":"\n<p>Zu einem 3:2 (1.0) Arbeitssieg kam die erste Mannschaft im Heimspiel gegen die TSG Eintracht Plankstadt<\/p>\n\n\n\n<p>Unser Team hatte zwar von Anfang an deutlich mehr Ballbesitz, tat sich jedoch schwer sich wirkliche Torchancen zu erspielen. Man konnte sich zwar mehrfach \u00fcber aussen gut durchspielen, doch der letzte Pass kam dann meist nicht an. Erstmals gef\u00e4hrlich wurde es bei einem Schuss von Aleksandar Markovic, der aber zu zentral war, so dass der Torwart parieren konnte. Nach einer halben Stunde dann doch die F\u00fchrung. Aleksandar Markovic wollte eine Flanke im Strafraum verl\u00e4ngern, der Ball sprang einem Plankst\u00e4dter Abwehrspieler an den abgespreizten Arm und somit entschied der Schiedsrichter folgerichtig auf Elfmeter. Sergio Latorre lie\u00df sich die Chance nicht entgehen und verwandelte sicher zum 1:0, was auch gleichzeitig der Halbzeitstand war. Auch in der zweiten Halbzeit \u00e4nderte sich zun\u00e4chst nichts am Spielverlauf. Aber nach einer Stunde kamen die G\u00e4ste praktisch aus dem Nichts zum Ausgleich. Nach einem Eckball traf ein St\u00fcrmer per Kopf zum 1:1. Yusuf Demirci war es dann, der kurz nachdem er erstmals in dieser Saison nach langer Verletzungspause eingewechselt wurde, einen Abpraller im Strafraum direkt nahm und zur erneuten F\u00fchrung traf. Danach investierten die G\u00e4ste etwas mehr in die Offensive, ohne aber zun\u00e4chst wirklich gef\u00e4hrlich zu werden. Moritz Miller bot sich eine gute Chance zur Vorentscheidung, aber er traf aus kurzer Distanz den Ball nicht richtig, so dass der Torwart keine Probleme hatte, den Ball aufzunehmen. Und 2 Minuten vor Schluss trafen die G\u00e4ste erneut zum Ausgleich. Eine Flanke segelte durch den F\u00fcnfmeterraum und am langen Ende konnte ein St\u00fcrmer den Ball \u00fcber die Linie bugsieren. Doch das war zum Gl\u00fcck noch nicht der Schlusspunkt in der Partie. In der letzten Minute wurde Michele Cottitto im Strafraum zu Fall gebracht und der Schiedsrichter entschied erneut auf Elfmeter. Diesmal trat Enis Kajtazovic an und auch er verwandelt sicher zur erneuten F\u00fchrung, die diesmal bis zum Ende hielt und somit stand ein 3:2 Erfolg zu Buche, mit dem das Team auf Platz 3 vorr\u00fcckte<\/p>\n\n\n\n<p>N\u00e4chste Woche steht jetzt das Top-Spiel beim neuen Tabellenf\u00fchrer VfR Mannheim 2 an<\/p>\n","protected":false},"excerpt":{"rendered":"<p>Zu einem 3:2 (1.0) Arbeitssieg kam die erste Mannschaft im Heimspiel gegen die TSG Eintracht Plankstadt Unser Team hatte zwar von Anfang an deutlich mehr Ballbesitz, tat sich jedoch schwer sich wirkliche Torchancen zu erspielen. Man konnte sich zwar mehrfach \u00fcber aussen gut durchspielen, doch der letzte Pass kam dann meist nicht an. Erstmals gef\u00e4hrlich&hellip;&nbsp;<a href=\"https:\/\/mfc08.de\/?p=7170\" rel=\"bookmark\">Weiterlesen &raquo;<span class=\"screen-reader-text\">MFC 08 Lindenhof &#8211; TSG Eintracht Plankstadt 3:2 (1:0)<\/span><\/a><\/p>\n","protected":false},"author":5,"featured_media":7038,"comment_status":"closed","ping_status":"closed","sticky":false,"template":"","format":"standard","meta":{"neve_meta_sidebar":"","neve_meta_container":"","neve_meta_enable_content_width":"","neve_meta_content_width":0,"neve_meta_title_alignment":"","neve_meta_author_avatar":"","neve_post_elements_order":"","neve_meta_disable_header":"","neve_meta_disable_footer":"","neve_meta_disable_title":"","_themeisle_gutenberg_block_has_review":false,"footnotes":""},"categories":[3],"tags":[],"class_list":["post-7170","post","type-post","status-publish","format-standard","has-post-thumbnail","hentry","category-1-mannschaft"],"_links":{"self":[{"href":"https:\/\/mfc08.de\/index.php?rest_route=\/wp\/v2\/posts\/7170","targetHints":{"allow":["GET"]}}],"collection":[{"href":"https:\/\/mfc08.de\/index.php?rest_route=\/wp\/v2\/posts"}],"about":[{"href":"https:\/\/mfc08.de\/index.php?rest_route=\/wp\/v2\/types\/post"}],"author":[{"embeddable":true,"href":"https:\/\/mfc08.de\/index.php?rest_route=\/wp\/v2\/users\/5"}],"replies":[{"embeddable":true,"href":"https:\/\/mfc08.de\/index.php?rest_route=%2Fwp%2Fv2%2Fcomments&post=7170"}],"version-history":[{"count":1,"href":"https:\/\/mfc08.de\/index.php?rest_route=\/wp\/v2\/posts\/7170\/revisions"}],"predecessor-version":[{"id":7171,"href":"https:\/\/mfc08.de\/index.php?rest_route=\/wp\/v2\/posts\/7170\/revisions\/7171"}],"wp:featuredmedia":[{"embeddable":true,"href":"https:\/\/mfc08.de\/index.php?rest_route=\/wp\/v2\/media\/7038"}],"wp:attachment":[{"href":"https:\/\/mfc08.de\/index.php?rest_route=%2Fwp%2Fv2%2Fmedia&parent=7170"}],"wp:term":[{"taxonomy":"category","embeddable":true,"href":"https:\/\/mfc08.de\/index.php?rest_route=%2Fwp%2Fv2%2Fcategories&post=7170"},{"taxonomy":"post_tag","embeddable":true,"href":"https:\/\/mfc08.de\/index.php?rest_route=%2Fwp%2Fv2%2Ftags&post=7170"}],"curies":[{"name":"wp","href":"https:\/\/api.w.org\/{rel}","templated":true}]}}