{"id":7182,"date":"2023-10-26T11:25:31","date_gmt":"2023-10-26T11:25:31","guid":{"rendered":"https:\/\/mfc08.de\/?p=7182"},"modified":"2023-10-26T11:25:33","modified_gmt":"2023-10-26T11:25:33","slug":"fv-08-hockenheim-mfc-08-lindenhof-2-32-11","status":"publish","type":"post","link":"https:\/\/mfc08.de\/?p=7182","title":{"rendered":"FV 08 Hockenheim &#8211; MFC 08 Lindenhof 2  3:2 (1:1)"},"content":{"rendered":"\n<p>Eine etwas ungl\u00fcckliche 2:3 (1:1) Niederlage musste die zweite Mannschaft beim Kreisliga-Absteiger FV 08 Hockenheim hinnehmen<\/p>\n\n\n\n<p>Die Gastgeber gingen fr\u00fch in F\u00fchrung, doch diese konnte Joel Koch kurz vor der Pause ausgleichen. Nico Jehle gelang in der zweiten Halbzeit sogar der F\u00fchrungstreffer, doch diesmal konnte Hockenheim ausgleichen. Und in den Schlussminuten musste das Team durch einen verwandelten Elfmeter leider noch den Treffer zum 2:3 hinnehmen.<\/p>\n\n\n\n<p>Am Sonntag hofft das Team gegen den FC T\u00fcrkspor Mannheim 2 endlich den ersten Heimsieg der Saison einfahren zu k\u00f6nnen &nbsp;<\/p>\n","protected":false},"excerpt":{"rendered":"<p>Eine etwas ungl\u00fcckliche 2:3 (1:1) Niederlage musste die zweite Mannschaft beim Kreisliga-Absteiger FV 08 Hockenheim hinnehmen Die Gastgeber gingen fr\u00fch in F\u00fchrung, doch diese konnte Joel Koch kurz vor der Pause ausgleichen. Nico Jehle gelang in der zweiten Halbzeit sogar der F\u00fchrungstreffer, doch diesmal konnte Hockenheim ausgleichen. Und in den Schlussminuten musste das Team durch&hellip;&nbsp;<a href=\"https:\/\/mfc08.de\/?p=7182\" rel=\"bookmark\">Weiterlesen &raquo;<span class=\"screen-reader-text\">FV 08 Hockenheim &#8211; MFC 08 Lindenhof 2  3:2 (1:1)<\/span><\/a><\/p>\n","protected":false},"author":5,"featured_media":7037,"comment_status":"closed","ping_status":"closed","sticky":false,"template":"","format":"standard","meta":{"neve_meta_sidebar":"","neve_meta_container":"","neve_meta_enable_content_width":"","neve_meta_content_width":0,"neve_meta_title_alignment":"","neve_meta_author_avatar":"","neve_post_elements_order":"","neve_meta_disable_header":"","neve_meta_disable_footer":"","neve_meta_disable_title":"","_themeisle_gutenberg_block_has_review":false,"footnotes":""},"categories":[5],"tags":[],"class_list":["post-7182","post","type-post","status-publish","format-standard","has-post-thumbnail","hentry","category-2-mannschaft"],"_links":{"self":[{"href":"https:\/\/mfc08.de\/index.php?rest_route=\/wp\/v2\/posts\/7182","targetHints":{"allow":["GET"]}}],"collection":[{"href":"https:\/\/mfc08.de\/index.php?rest_route=\/wp\/v2\/posts"}],"about":[{"href":"https:\/\/mfc08.de\/index.php?rest_route=\/wp\/v2\/types\/post"}],"author":[{"embeddable":true,"href":"https:\/\/mfc08.de\/index.php?rest_route=\/wp\/v2\/users\/5"}],"replies":[{"embeddable":true,"href":"https:\/\/mfc08.de\/index.php?rest_route=%2Fwp%2Fv2%2Fcomments&post=7182"}],"version-history":[{"count":1,"href":"https:\/\/mfc08.de\/index.php?rest_route=\/wp\/v2\/posts\/7182\/revisions"}],"predecessor-version":[{"id":7183,"href":"https:\/\/mfc08.de\/index.php?rest_route=\/wp\/v2\/posts\/7182\/revisions\/7183"}],"wp:featuredmedia":[{"embeddable":true,"href":"https:\/\/mfc08.de\/index.php?rest_route=\/wp\/v2\/media\/7037"}],"wp:attachment":[{"href":"https:\/\/mfc08.de\/index.php?rest_route=%2Fwp%2Fv2%2Fmedia&parent=7182"}],"wp:term":[{"taxonomy":"category","embeddable":true,"href":"https:\/\/mfc08.de\/index.php?rest_route=%2Fwp%2Fv2%2Fcategories&post=7182"},{"taxonomy":"post_tag","embeddable":true,"href":"https:\/\/mfc08.de\/index.php?rest_route=%2Fwp%2Fv2%2Ftags&post=7182"}],"curies":[{"name":"wp","href":"https:\/\/api.w.org\/{rel}","templated":true}]}}