{"id":7184,"date":"2023-10-26T11:29:54","date_gmt":"2023-10-26T11:29:54","guid":{"rendered":"https:\/\/mfc08.de\/?p=7184"},"modified":"2023-10-26T11:29:55","modified_gmt":"2023-10-26T11:29:55","slug":"vfr-mannheim-2-mfc-08-lindenhof-11-00","status":"publish","type":"post","link":"https:\/\/mfc08.de\/?p=7184","title":{"rendered":"VfR Mannheim 2 &#8211; MFC 08 Lindenhof 1:1 (0:0)"},"content":{"rendered":"\n<p>Mit einem 1:1 (0:0) Unentschieden endete das Spitzenspiel der ersten Mannschaft beim Tabellenf\u00fchrer VfR Mannheim 2<\/p>\n\n\n\n<p>Auf eine torlose erste Halbzeit erfolgte eine turbulente Anfangsphase in die zweite Halbzeit. Zun\u00e4chst ging der VfR 2 durch einen verwandelten Elfmeter in F\u00fchrung. Kurz darauf sah ein VfR-Spieler f\u00fcr ein grobes Foul die rote Karte und wiederum nur wenig sp\u00e4ter zeigte Yusuf Demirci wieder einmal wie wichtig er f\u00fcr das Team ist. Gerade eingewechselt erzielte er den Ausgleich. Bei diesem 1:1 blieb es in einem insgesamt ausgeglichenen, sehr guten Kreisliga-Spiel bis zum Ende &nbsp;&nbsp;<\/p>\n\n\n\n<p>Mit der Spvgg Wallstadt empf\u00e4ngt die Mannschaft am Sonntag erneut einen Gegner der zum Favoritenkreis gez\u00e4hlt wird und gegen den es gilt die bislang gute Ausgangssituation beizubehalten<\/p>\n","protected":false},"excerpt":{"rendered":"<p>Mit einem 1:1 (0:0) Unentschieden endete das Spitzenspiel der ersten Mannschaft beim Tabellenf\u00fchrer VfR Mannheim 2 Auf eine torlose erste Halbzeit erfolgte eine turbulente Anfangsphase in die zweite Halbzeit. Zun\u00e4chst ging der VfR 2 durch einen verwandelten Elfmeter in F\u00fchrung. Kurz darauf sah ein VfR-Spieler f\u00fcr ein grobes Foul die rote Karte und wiederum nur&hellip;&nbsp;<a href=\"https:\/\/mfc08.de\/?p=7184\" rel=\"bookmark\">Weiterlesen &raquo;<span class=\"screen-reader-text\">VfR Mannheim 2 &#8211; MFC 08 Lindenhof 1:1 (0:0)<\/span><\/a><\/p>\n","protected":false},"author":5,"featured_media":7038,"comment_status":"closed","ping_status":"closed","sticky":false,"template":"","format":"standard","meta":{"neve_meta_sidebar":"","neve_meta_container":"","neve_meta_enable_content_width":"","neve_meta_content_width":0,"neve_meta_title_alignment":"","neve_meta_author_avatar":"","neve_post_elements_order":"","neve_meta_disable_header":"","neve_meta_disable_footer":"","neve_meta_disable_title":"","_themeisle_gutenberg_block_has_review":false,"footnotes":""},"categories":[3],"tags":[],"class_list":["post-7184","post","type-post","status-publish","format-standard","has-post-thumbnail","hentry","category-1-mannschaft"],"_links":{"self":[{"href":"https:\/\/mfc08.de\/index.php?rest_route=\/wp\/v2\/posts\/7184","targetHints":{"allow":["GET"]}}],"collection":[{"href":"https:\/\/mfc08.de\/index.php?rest_route=\/wp\/v2\/posts"}],"about":[{"href":"https:\/\/mfc08.de\/index.php?rest_route=\/wp\/v2\/types\/post"}],"author":[{"embeddable":true,"href":"https:\/\/mfc08.de\/index.php?rest_route=\/wp\/v2\/users\/5"}],"replies":[{"embeddable":true,"href":"https:\/\/mfc08.de\/index.php?rest_route=%2Fwp%2Fv2%2Fcomments&post=7184"}],"version-history":[{"count":1,"href":"https:\/\/mfc08.de\/index.php?rest_route=\/wp\/v2\/posts\/7184\/revisions"}],"predecessor-version":[{"id":7185,"href":"https:\/\/mfc08.de\/index.php?rest_route=\/wp\/v2\/posts\/7184\/revisions\/7185"}],"wp:featuredmedia":[{"embeddable":true,"href":"https:\/\/mfc08.de\/index.php?rest_route=\/wp\/v2\/media\/7038"}],"wp:attachment":[{"href":"https:\/\/mfc08.de\/index.php?rest_route=%2Fwp%2Fv2%2Fmedia&parent=7184"}],"wp:term":[{"taxonomy":"category","embeddable":true,"href":"https:\/\/mfc08.de\/index.php?rest_route=%2Fwp%2Fv2%2Fcategories&post=7184"},{"taxonomy":"post_tag","embeddable":true,"href":"https:\/\/mfc08.de\/index.php?rest_route=%2Fwp%2Fv2%2Ftags&post=7184"}],"curies":[{"name":"wp","href":"https:\/\/api.w.org\/{rel}","templated":true}]}}