{"id":7188,"date":"2023-10-29T21:40:08","date_gmt":"2023-10-29T21:40:08","guid":{"rendered":"https:\/\/mfc08.de\/?p=7188"},"modified":"2023-10-29T21:40:10","modified_gmt":"2023-10-29T21:40:10","slug":"mfc-08-lindenhof-spvgg-wallstadt-23-10","status":"publish","type":"post","link":"https:\/\/mfc08.de\/?p=7188","title":{"rendered":"MFC 08 Lindenhof &#8211; Spvgg Wallstadt 2:3 (1:0)"},"content":{"rendered":"\n<p>Im 9. Spiel hat es auch die erste Mannschaft erwischt, mit einem 2:3 (1:0) gegen die Spvgg Wallstadt musste man die erste Niederlage hinnehmen<\/p>\n\n\n\n<p>Unser Team kam gut in die Partie und kontrollierte diese zun\u00e4chst ziemlich gut. Erste Chancen gab es durch einen Schuss von Eric Lutz, der nur ganz knapp am Tor vorbei strich und dann spielte Patrick Piontek sch\u00f6n Yusuf Demirci frei, doch dessen Schuss kam zu zentral und somit konnte der G\u00e4ste-Torwart parieren. Nach einem sehr sch\u00f6nen Spielzug gelang dann in der Schlussphase der ersten Halbzeit die F\u00fchrung. Enis Kajtazovic spielte einen Ball in den Lauf von Oliver Schlick und dessen Querpass vollendete Yusuf Demirci zum 1:0. Kurz danach kam dann nach einer eigentlich harmlosen Situation pl\u00f6tzlich Hektik auf und 2 Wallst\u00e4dter Ersatzspieler sahen die rote Karte. Obwohl diese Diskussionen mehrere Minuten dauerten, ging es dann ohne Nachspielzeit mit der F\u00fchrung in die Pause. Nach dem Wechsel kamen die G\u00e4ste, von denen in der ersten Halbzeit kaum etwas zu sehen war, deutlich aktiver zur\u00fcck. Nach einer Stunde dann eine ganz entscheidende Situation. Eric Lutz konnte einen Wallst\u00e4dter Angriff nur per Foul unterbinden und sah f\u00fcr die Notbremse die rote Karte. Der f\u00e4llige Freisto\u00df wurde von der Mauer abgef\u00e4lscht und landete somit zum Ausgleich im Tor. Kurz danach keimte Hoffnung auf, dass Spiel trotz der Unterzahl siegreich gestalten zu k\u00f6nnen. Yusuf Demirci konnte den Ball im gegnerischen Strafraum gut behaupten, legte ab auf Enis Kajtazovic und dieser traf zum 2:1. Aber die F\u00fchrung hielt nicht lange. Nach einem Eckball erzielte ausgerechnet der kleinste Spieler auf dem Platz per Kopf den erneuten Ausgleich. Danach entwickelte sich trotz der Unterzahl ein ausgeglichenes Spiel, in dem sich keine Mannschaft echte Chancen erspielen konnte. Aber in der Schlussminute gelang den G\u00e4sten dann doch noch der Siegtreffer. Eine St\u00fcrmer schlug eine Flanke von aussen halbhoch in den Strafraum, dort kam niemand an den Ball und dieser landete zum 3:2 im langen Eck. &nbsp;&nbsp;&nbsp;<\/p>\n\n\n\n<p>Schon am Mittwoch geht es gegen die SKV Sandhofen weiter und hier muss das Ziel sein, sofort wieder in die Erfolgsspur zur\u00fcck zu finden &nbsp;<\/p>\n","protected":false},"excerpt":{"rendered":"<p>Im 9. Spiel hat es auch die erste Mannschaft erwischt, mit einem 2:3 (1:0) gegen die Spvgg Wallstadt musste man die erste Niederlage hinnehmen Unser Team kam gut in die Partie und kontrollierte diese zun\u00e4chst ziemlich gut. Erste Chancen gab es durch einen Schuss von Eric Lutz, der nur ganz knapp am Tor vorbei strich&hellip;&nbsp;<a href=\"https:\/\/mfc08.de\/?p=7188\" rel=\"bookmark\">Weiterlesen &raquo;<span class=\"screen-reader-text\">MFC 08 Lindenhof &#8211; Spvgg Wallstadt 2:3 (1:0)<\/span><\/a><\/p>\n","protected":false},"author":5,"featured_media":7038,"comment_status":"closed","ping_status":"closed","sticky":false,"template":"","format":"standard","meta":{"neve_meta_sidebar":"","neve_meta_container":"","neve_meta_enable_content_width":"","neve_meta_content_width":0,"neve_meta_title_alignment":"","neve_meta_author_avatar":"","neve_post_elements_order":"","neve_meta_disable_header":"","neve_meta_disable_footer":"","neve_meta_disable_title":"","_themeisle_gutenberg_block_has_review":false,"footnotes":""},"categories":[3],"tags":[],"class_list":["post-7188","post","type-post","status-publish","format-standard","has-post-thumbnail","hentry","category-1-mannschaft"],"_links":{"self":[{"href":"https:\/\/mfc08.de\/index.php?rest_route=\/wp\/v2\/posts\/7188","targetHints":{"allow":["GET"]}}],"collection":[{"href":"https:\/\/mfc08.de\/index.php?rest_route=\/wp\/v2\/posts"}],"about":[{"href":"https:\/\/mfc08.de\/index.php?rest_route=\/wp\/v2\/types\/post"}],"author":[{"embeddable":true,"href":"https:\/\/mfc08.de\/index.php?rest_route=\/wp\/v2\/users\/5"}],"replies":[{"embeddable":true,"href":"https:\/\/mfc08.de\/index.php?rest_route=%2Fwp%2Fv2%2Fcomments&post=7188"}],"version-history":[{"count":1,"href":"https:\/\/mfc08.de\/index.php?rest_route=\/wp\/v2\/posts\/7188\/revisions"}],"predecessor-version":[{"id":7189,"href":"https:\/\/mfc08.de\/index.php?rest_route=\/wp\/v2\/posts\/7188\/revisions\/7189"}],"wp:featuredmedia":[{"embeddable":true,"href":"https:\/\/mfc08.de\/index.php?rest_route=\/wp\/v2\/media\/7038"}],"wp:attachment":[{"href":"https:\/\/mfc08.de\/index.php?rest_route=%2Fwp%2Fv2%2Fmedia&parent=7188"}],"wp:term":[{"taxonomy":"category","embeddable":true,"href":"https:\/\/mfc08.de\/index.php?rest_route=%2Fwp%2Fv2%2Fcategories&post=7188"},{"taxonomy":"post_tag","embeddable":true,"href":"https:\/\/mfc08.de\/index.php?rest_route=%2Fwp%2Fv2%2Ftags&post=7188"}],"curies":[{"name":"wp","href":"https:\/\/api.w.org\/{rel}","templated":true}]}}