{"id":7192,"date":"2023-11-01T17:56:11","date_gmt":"2023-11-01T17:56:11","guid":{"rendered":"https:\/\/mfc08.de\/?p=7192"},"modified":"2023-11-01T17:57:06","modified_gmt":"2023-11-01T17:57:06","slug":"mfc-08-lindenhof-skv-sandhofen-22-01","status":"publish","type":"post","link":"https:\/\/mfc08.de\/?p=7192","title":{"rendered":"MFC 08 Lindenhof &#8211; SKV Sandhofen 2:2 (0:1)"},"content":{"rendered":"\n<p>Mit einem 2:2 (0:1) Unentschieden musste sich die erste Mannschaft im Spiel gegen die SKV Sandhofen zufrieden geben<\/p>\n\n\n\n<p>Das Spiel begann denkbar schlecht f\u00fcr unser Team, denn Sandhofen ging schon in der zweiten Minute in F\u00fchrung. In der Folge hatte unsere Elf zwar deutlich mehr Ballbesitz, aber bis zur Pause blieb es bei der F\u00fchrung der G\u00e4ste. Nach einer Stunde gelang dann aber doch der Ausgleich. Ein Sandhofer Abwehrspieler traf beim Versuch, vor dem einschussbereiten Ivan Vlaho zu kl\u00e4ren, ins eigene Tor. In der Schlussphase gelang zun\u00e4chst Sandhofen wieder die F\u00fchrung, aber Tobias Baumann traf nur wenig sp\u00e4ter zum erneuten Ausgleich. Bei diesem 2:2 blieb es dann bis zum Schlusspfiff<\/p>\n\n\n\n<p>Am Sonntag tritt das Team (bereits um 12 Uhr) beim FV Br\u00fchl 2 an und dort gilt es den R\u00fcckstand zu den vorderen Pl\u00e4tzen nicht weiter anwachsen zu lassen &nbsp;&nbsp;&nbsp;&nbsp;&nbsp;&nbsp;&nbsp;&nbsp;<\/p>\n","protected":false},"excerpt":{"rendered":"<p>Mit einem 2:2 (0:1) Unentschieden musste sich die erste Mannschaft im Spiel gegen die SKV Sandhofen zufrieden geben Das Spiel begann denkbar schlecht f\u00fcr unser Team, denn Sandhofen ging schon in der zweiten Minute in F\u00fchrung. In der Folge hatte unsere Elf zwar deutlich mehr Ballbesitz, aber bis zur Pause blieb es bei der F\u00fchrung&hellip;&nbsp;<a href=\"https:\/\/mfc08.de\/?p=7192\" rel=\"bookmark\">Weiterlesen &raquo;<span class=\"screen-reader-text\">MFC 08 Lindenhof &#8211; SKV Sandhofen 2:2 (0:1)<\/span><\/a><\/p>\n","protected":false},"author":5,"featured_media":7038,"comment_status":"closed","ping_status":"closed","sticky":false,"template":"","format":"standard","meta":{"neve_meta_sidebar":"","neve_meta_container":"","neve_meta_enable_content_width":"","neve_meta_content_width":0,"neve_meta_title_alignment":"","neve_meta_author_avatar":"","neve_post_elements_order":"","neve_meta_disable_header":"","neve_meta_disable_footer":"","neve_meta_disable_title":"","_themeisle_gutenberg_block_has_review":false,"footnotes":""},"categories":[3],"tags":[],"class_list":["post-7192","post","type-post","status-publish","format-standard","has-post-thumbnail","hentry","category-1-mannschaft"],"_links":{"self":[{"href":"https:\/\/mfc08.de\/index.php?rest_route=\/wp\/v2\/posts\/7192","targetHints":{"allow":["GET"]}}],"collection":[{"href":"https:\/\/mfc08.de\/index.php?rest_route=\/wp\/v2\/posts"}],"about":[{"href":"https:\/\/mfc08.de\/index.php?rest_route=\/wp\/v2\/types\/post"}],"author":[{"embeddable":true,"href":"https:\/\/mfc08.de\/index.php?rest_route=\/wp\/v2\/users\/5"}],"replies":[{"embeddable":true,"href":"https:\/\/mfc08.de\/index.php?rest_route=%2Fwp%2Fv2%2Fcomments&post=7192"}],"version-history":[{"count":1,"href":"https:\/\/mfc08.de\/index.php?rest_route=\/wp\/v2\/posts\/7192\/revisions"}],"predecessor-version":[{"id":7193,"href":"https:\/\/mfc08.de\/index.php?rest_route=\/wp\/v2\/posts\/7192\/revisions\/7193"}],"wp:featuredmedia":[{"embeddable":true,"href":"https:\/\/mfc08.de\/index.php?rest_route=\/wp\/v2\/media\/7038"}],"wp:attachment":[{"href":"https:\/\/mfc08.de\/index.php?rest_route=%2Fwp%2Fv2%2Fmedia&parent=7192"}],"wp:term":[{"taxonomy":"category","embeddable":true,"href":"https:\/\/mfc08.de\/index.php?rest_route=%2Fwp%2Fv2%2Fcategories&post=7192"},{"taxonomy":"post_tag","embeddable":true,"href":"https:\/\/mfc08.de\/index.php?rest_route=%2Fwp%2Fv2%2Ftags&post=7192"}],"curies":[{"name":"wp","href":"https:\/\/api.w.org\/{rel}","templated":true}]}}