{"id":7267,"date":"2023-11-21T11:18:03","date_gmt":"2023-11-21T11:18:03","guid":{"rendered":"https:\/\/mfc08.de\/?p=7267"},"modified":"2023-11-21T11:18:04","modified_gmt":"2023-11-21T11:18:04","slug":"letzter-herbstrundenspieltag-der-f-jugend","status":"publish","type":"post","link":"https:\/\/mfc08.de\/?p=7267","title":{"rendered":"Letzter Herbstrundenspieltag der F-Jugend"},"content":{"rendered":"\n<p>Am 18. November fand f\u00fcr unsere beiden F-Jugendmannschaften (Jg. 2015\/2016) der letzte Spieltag der Saison statt.<\/p>\n\n\n\n<p>Die mittlerweile auf \u00fcber 25 Kinder stark angewachsene F-Jugend pr\u00e4sentierte sich abermals sowohl in spielerischer als auch fairer Hinsicht in vorbildlicher Weise und wurde von den vielen mitgereisten Eltern angefeuert.<\/p>\n\n\n\n<p>Unsere F1 konnte sich im st\u00e4rksten Pool in Mannheim mit vier Siegen aus vier Spielen \u00e4u\u00dferst beeindruckend in die &#8222;Winterpause&#8220; verabschieden.<\/p>\n\n\n\n<p>Auch die F2 konnte mit drei Siegen aus vier Spielen mit einem Torverh\u00e4ltnis von 25:4 \u00fcberzeugen.<\/p>\n\n\n\n<p>Mit \u00fcber 200 geschossen Toren (F1+F2) an insgesamt 7 Spieltagen ist die Vorfreude der Kids auf die kommende Saison sehr gro\u00df.<\/p>\n\n\n\n<p>Ein herzliches Dankesch\u00f6n gilt den Kindern und ihren engagierten Eltern.<\/p>\n\n\n\n<p>GT<\/p>\n","protected":false},"excerpt":{"rendered":"<p>Am 18. November fand f\u00fcr unsere beiden F-Jugendmannschaften (Jg. 2015\/2016) der letzte Spieltag der Saison statt. Die mittlerweile auf \u00fcber 25 Kinder stark angewachsene F-Jugend pr\u00e4sentierte sich abermals sowohl in spielerischer als auch fairer Hinsicht in vorbildlicher Weise und wurde von den vielen mitgereisten Eltern angefeuert. Unsere F1 konnte sich im st\u00e4rksten Pool in Mannheim&hellip;&nbsp;<a href=\"https:\/\/mfc08.de\/?p=7267\" rel=\"bookmark\">Weiterlesen &raquo;<span class=\"screen-reader-text\">Letzter Herbstrundenspieltag der F-Jugend<\/span><\/a><\/p>\n","protected":false},"author":9,"featured_media":7268,"comment_status":"closed","ping_status":"closed","sticky":false,"template":"","format":"standard","meta":{"neve_meta_sidebar":"","neve_meta_container":"","neve_meta_enable_content_width":"","neve_meta_content_width":0,"neve_meta_title_alignment":"","neve_meta_author_avatar":"","neve_post_elements_order":"","neve_meta_disable_header":"","neve_meta_disable_footer":"","neve_meta_disable_title":"","_themeisle_gutenberg_block_has_review":false,"footnotes":""},"categories":[11,1],"tags":[],"class_list":["post-7267","post","type-post","status-publish","format-standard","has-post-thumbnail","hentry","category-jugend","category-uncategorized"],"_links":{"self":[{"href":"https:\/\/mfc08.de\/index.php?rest_route=\/wp\/v2\/posts\/7267","targetHints":{"allow":["GET"]}}],"collection":[{"href":"https:\/\/mfc08.de\/index.php?rest_route=\/wp\/v2\/posts"}],"about":[{"href":"https:\/\/mfc08.de\/index.php?rest_route=\/wp\/v2\/types\/post"}],"author":[{"embeddable":true,"href":"https:\/\/mfc08.de\/index.php?rest_route=\/wp\/v2\/users\/9"}],"replies":[{"embeddable":true,"href":"https:\/\/mfc08.de\/index.php?rest_route=%2Fwp%2Fv2%2Fcomments&post=7267"}],"version-history":[{"count":1,"href":"https:\/\/mfc08.de\/index.php?rest_route=\/wp\/v2\/posts\/7267\/revisions"}],"predecessor-version":[{"id":7269,"href":"https:\/\/mfc08.de\/index.php?rest_route=\/wp\/v2\/posts\/7267\/revisions\/7269"}],"wp:featuredmedia":[{"embeddable":true,"href":"https:\/\/mfc08.de\/index.php?rest_route=\/wp\/v2\/media\/7268"}],"wp:attachment":[{"href":"https:\/\/mfc08.de\/index.php?rest_route=%2Fwp%2Fv2%2Fmedia&parent=7267"}],"wp:term":[{"taxonomy":"category","embeddable":true,"href":"https:\/\/mfc08.de\/index.php?rest_route=%2Fwp%2Fv2%2Fcategories&post=7267"},{"taxonomy":"post_tag","embeddable":true,"href":"https:\/\/mfc08.de\/index.php?rest_route=%2Fwp%2Fv2%2Ftags&post=7267"}],"curies":[{"name":"wp","href":"https:\/\/api.w.org\/{rel}","templated":true}]}}