{"id":7273,"date":"2023-11-26T19:53:21","date_gmt":"2023-11-26T19:53:21","guid":{"rendered":"https:\/\/mfc08.de\/?p=7273"},"modified":"2023-11-26T19:53:22","modified_gmt":"2023-11-26T19:53:22","slug":"spvgg-ilvesheim-mfc-08-lindenhof-16-05","status":"publish","type":"post","link":"https:\/\/mfc08.de\/?p=7273","title":{"rendered":"Spvgg Ilvesheim &#8211; MFC 08 Lindenhof 1:6 (0:5)"},"content":{"rendered":"\n<p>Mit einer b\u00e4renstarken Leistung kam die erste Mannschaft zu einem ungef\u00e4hrdeten 6:1 (5:0) Sieg bei der Spvgg Ilvesheim<\/p>\n\n\n\n<p>Die Mannschaft \u00fcbernahm von Anfang an die Kontrolle \u00fcber das Spiel. Die ersten Chancen gab es nach zwei zu kurzen Abschl\u00e4gen des gegnerischen Torwarts, doch zun\u00e4chst verfehlt Sergio Latorre bei seinem Versuch auf das leere Tor dieses knapp und dann scheiterte Ivan Vlaho mit einem Heber an dem Torwart. Auf der anderen Seite kamen die Gastgeber nur einmal gef\u00e4hrlich vor das Tor, aber Eric Lutz konnte den Schuss abblocken. Mitte der ersten Halbzeit erzielte dann Ivan Vlaho mit einem Kopfball auf Flanke von Yusuf Demirci die verdiente F\u00fchrung und leitete damit eine fast perfekte Viertelstunde unseres Team ein. Nur kurz nach der F\u00fchrung setzte sich Enis Kajtazovic im Strafraum stark durch und seinen Querpass verwertete Patrick Piontek am langen Pfosten zum 2:0. Und erneut nur wenig sp\u00e4ter lie\u00df der Ilvesheimer Torwart einen Kopfball von Patrick Szarka nach einem Freisto\u00df zum 3:0 durchrutschen. Wiederum nur wenige Minuten sp\u00e4ter wurde Enis Kajtazovic freigespielt und er traf zum 4:0. Nach einem Ballgewinn am eigenen Strafraum kombinierte sich die Elf dann sehr gekonnt \u00fcber das gesamte Spielfeld, am Ilvesheimer Strafraum legte Yusuf Demirci auf Ivan Vlaho ab, und der traf zum 5.0 Halbzeitstand. Auch in der zweiten Halbzeit hatte unsere Elf das Spiel immer vollkommen im Griff, lie\u00df aber mit der klaren F\u00fchrung im R\u00fccken die letzte Konsequenz im Spiel nach vorne vermissen, kam aber danach auch weiterhin zu Chancen. So scheiterte Enis Kajtazovic frei vor dem gegnerischen Torwart an diesem und Yusuf Demirci setzte den Ball ebenfalls frei vor dem Torwart am Tor vorbei. In der Schlussphase nutzten zun\u00e4chst die Gastgeber einen Ballverlust am eigenen Strafraum zum Ehrentreffer, den Schlusspunkt setzte aber wieder unser Team. Enis Kajtazovic legte den Ball im Strafraum quer auf Yusuf Demirci und dieser vollstreckte zum 6:1 Endstand<\/p>\n\n\n\n<p>N\u00e4chste Woche kommt mit dem FV Leutershausen erneut eine Mannschaft aus dem engen Verfolgerfeld auf den 08er und hier gilt es die gute Ausgangsposition weiter auszubauen &nbsp;&nbsp;&nbsp;&nbsp;&nbsp;&nbsp;&nbsp;&nbsp;&nbsp;&nbsp;&nbsp;&nbsp;&nbsp;&nbsp;&nbsp;&nbsp;<\/p>\n","protected":false},"excerpt":{"rendered":"<p>Mit einer b\u00e4renstarken Leistung kam die erste Mannschaft zu einem ungef\u00e4hrdeten 6:1 (5:0) Sieg bei der Spvgg Ilvesheim Die Mannschaft \u00fcbernahm von Anfang an die Kontrolle \u00fcber das Spiel. Die ersten Chancen gab es nach zwei zu kurzen Abschl\u00e4gen des gegnerischen Torwarts, doch zun\u00e4chst verfehlt Sergio Latorre bei seinem Versuch auf das leere Tor dieses&hellip;&nbsp;<a href=\"https:\/\/mfc08.de\/?p=7273\" rel=\"bookmark\">Weiterlesen &raquo;<span class=\"screen-reader-text\">Spvgg Ilvesheim &#8211; MFC 08 Lindenhof 1:6 (0:5)<\/span><\/a><\/p>\n","protected":false},"author":5,"featured_media":7038,"comment_status":"closed","ping_status":"closed","sticky":false,"template":"","format":"standard","meta":{"neve_meta_sidebar":"","neve_meta_container":"","neve_meta_enable_content_width":"","neve_meta_content_width":0,"neve_meta_title_alignment":"","neve_meta_author_avatar":"","neve_post_elements_order":"","neve_meta_disable_header":"","neve_meta_disable_footer":"","neve_meta_disable_title":"","_themeisle_gutenberg_block_has_review":false,"footnotes":""},"categories":[3],"tags":[],"class_list":["post-7273","post","type-post","status-publish","format-standard","has-post-thumbnail","hentry","category-1-mannschaft"],"_links":{"self":[{"href":"https:\/\/mfc08.de\/index.php?rest_route=\/wp\/v2\/posts\/7273","targetHints":{"allow":["GET"]}}],"collection":[{"href":"https:\/\/mfc08.de\/index.php?rest_route=\/wp\/v2\/posts"}],"about":[{"href":"https:\/\/mfc08.de\/index.php?rest_route=\/wp\/v2\/types\/post"}],"author":[{"embeddable":true,"href":"https:\/\/mfc08.de\/index.php?rest_route=\/wp\/v2\/users\/5"}],"replies":[{"embeddable":true,"href":"https:\/\/mfc08.de\/index.php?rest_route=%2Fwp%2Fv2%2Fcomments&post=7273"}],"version-history":[{"count":1,"href":"https:\/\/mfc08.de\/index.php?rest_route=\/wp\/v2\/posts\/7273\/revisions"}],"predecessor-version":[{"id":7274,"href":"https:\/\/mfc08.de\/index.php?rest_route=\/wp\/v2\/posts\/7273\/revisions\/7274"}],"wp:featuredmedia":[{"embeddable":true,"href":"https:\/\/mfc08.de\/index.php?rest_route=\/wp\/v2\/media\/7038"}],"wp:attachment":[{"href":"https:\/\/mfc08.de\/index.php?rest_route=%2Fwp%2Fv2%2Fmedia&parent=7273"}],"wp:term":[{"taxonomy":"category","embeddable":true,"href":"https:\/\/mfc08.de\/index.php?rest_route=%2Fwp%2Fv2%2Fcategories&post=7273"},{"taxonomy":"post_tag","embeddable":true,"href":"https:\/\/mfc08.de\/index.php?rest_route=%2Fwp%2Fv2%2Ftags&post=7273"}],"curies":[{"name":"wp","href":"https:\/\/api.w.org\/{rel}","templated":true}]}}