{"id":7276,"date":"2023-11-27T17:36:58","date_gmt":"2023-11-27T17:36:58","guid":{"rendered":"https:\/\/mfc08.de\/?p=7276"},"modified":"2023-11-27T17:36:59","modified_gmt":"2023-11-27T17:36:59","slug":"c-jugend-belegt-platz-2-in-der-herbstrunde","status":"publish","type":"post","link":"https:\/\/mfc08.de\/?p=7276","title":{"rendered":"C-Jugend belegt Platz 2 in der Herbstrunde"},"content":{"rendered":"\n<p>Am letzten Spieltag der Herbstrunde sichert sich die C-Jugend mit einem 4:2 Ausw\u00e4rtssieg gegen die SG Oftersheim den zweiten Platz in der Staffel\u00a04 der Kreisliga Mannheim. Es war ein kleines Finalspiel um den zweiten Platz, denn es trafen die Zweitplatzierte SG auf den Drittplatzierten 08er. Unsere Mannschaft k\u00f6nnte \u00fcber 70 Minuten \u00fcberzeugen und lie\u00df f\u00fcr dem Gegner nur wenige Torchancen. Zur Halbzeit f\u00fchrten die 08er mit 2:0 und baute die F\u00fchrung bis kurz vor Ende auf 4:1 aus. In den Schlussminuten konnte die SG noch den Anschlusstreffer zum 4:2 erzielen, was an den \u00fcberzeugenden Auftritt und dem ungef\u00e4hrdeten Sieg nichts mehr \u00e4nderte.<\/p>\n\n\n\n<p>Mit sechs Siegen und zwei \u00a0Niederlagen k\u00f6nnte das Team in dieser Runde \u00fcberzeugen. Gespielt wurde in dieser Staffel, aufgrund der vielen als Flex gemeldeten Mannschaften, mit immer wieder wechselnden Mannschafts- und Feldgr\u00f6\u00dfen.\u00a0Es gab Spiele 7\/7, 9\/9 und auch drei Spiele 11\/11 und das sehr zur Freude unserer Spieler.<\/p>\n\n\n\n<p>In Erwartung der neuen Staffeleinteilung im Fr\u00fchjahr und der Hoffnung auf noch mehr Spiele auf Gro\u00dffeld, begl\u00fcckw\u00fcnschen wir das Team zum zweiten Tabellenplatz in dieser Spielrunde.<\/p>\n","protected":false},"excerpt":{"rendered":"<p>Am letzten Spieltag der Herbstrunde sichert sich die C-Jugend mit einem 4:2 Ausw\u00e4rtssieg gegen die SG Oftersheim den zweiten Platz in der Staffel\u00a04 der Kreisliga Mannheim. Es war ein kleines Finalspiel um den zweiten Platz, denn es trafen die Zweitplatzierte SG auf den Drittplatzierten 08er. Unsere Mannschaft k\u00f6nnte \u00fcber 70 Minuten \u00fcberzeugen und lie\u00df f\u00fcr&hellip;&nbsp;<a href=\"https:\/\/mfc08.de\/?p=7276\" rel=\"bookmark\">Weiterlesen &raquo;<span class=\"screen-reader-text\">C-Jugend belegt Platz 2 in der Herbstrunde<\/span><\/a><\/p>\n","protected":false},"author":9,"featured_media":7277,"comment_status":"closed","ping_status":"closed","sticky":false,"template":"","format":"standard","meta":{"neve_meta_sidebar":"","neve_meta_container":"","neve_meta_enable_content_width":"","neve_meta_content_width":0,"neve_meta_title_alignment":"","neve_meta_author_avatar":"","neve_post_elements_order":"","neve_meta_disable_header":"","neve_meta_disable_footer":"","neve_meta_disable_title":"","_themeisle_gutenberg_block_has_review":false,"footnotes":""},"categories":[11,1],"tags":[],"class_list":["post-7276","post","type-post","status-publish","format-standard","has-post-thumbnail","hentry","category-jugend","category-uncategorized"],"_links":{"self":[{"href":"https:\/\/mfc08.de\/index.php?rest_route=\/wp\/v2\/posts\/7276","targetHints":{"allow":["GET"]}}],"collection":[{"href":"https:\/\/mfc08.de\/index.php?rest_route=\/wp\/v2\/posts"}],"about":[{"href":"https:\/\/mfc08.de\/index.php?rest_route=\/wp\/v2\/types\/post"}],"author":[{"embeddable":true,"href":"https:\/\/mfc08.de\/index.php?rest_route=\/wp\/v2\/users\/9"}],"replies":[{"embeddable":true,"href":"https:\/\/mfc08.de\/index.php?rest_route=%2Fwp%2Fv2%2Fcomments&post=7276"}],"version-history":[{"count":1,"href":"https:\/\/mfc08.de\/index.php?rest_route=\/wp\/v2\/posts\/7276\/revisions"}],"predecessor-version":[{"id":7278,"href":"https:\/\/mfc08.de\/index.php?rest_route=\/wp\/v2\/posts\/7276\/revisions\/7278"}],"wp:featuredmedia":[{"embeddable":true,"href":"https:\/\/mfc08.de\/index.php?rest_route=\/wp\/v2\/media\/7277"}],"wp:attachment":[{"href":"https:\/\/mfc08.de\/index.php?rest_route=%2Fwp%2Fv2%2Fmedia&parent=7276"}],"wp:term":[{"taxonomy":"category","embeddable":true,"href":"https:\/\/mfc08.de\/index.php?rest_route=%2Fwp%2Fv2%2Fcategories&post=7276"},{"taxonomy":"post_tag","embeddable":true,"href":"https:\/\/mfc08.de\/index.php?rest_route=%2Fwp%2Fv2%2Ftags&post=7276"}],"curies":[{"name":"wp","href":"https:\/\/api.w.org\/{rel}","templated":true}]}}