{"id":7299,"date":"2023-12-10T19:39:06","date_gmt":"2023-12-10T19:39:06","guid":{"rendered":"https:\/\/mfc08.de\/?p=7299"},"modified":"2023-12-10T19:39:09","modified_gmt":"2023-12-10T19:39:09","slug":"mfc-08-lindenhof-2-tsv-neckarau-2-31-20","status":"publish","type":"post","link":"https:\/\/mfc08.de\/?p=7299","title":{"rendered":"MFC 08 Lindenhof 2 &#8211; TSV Neckarau 2  3:1 (2:0)"},"content":{"rendered":"\n<p>Im letzten Spiel des Jahres feierte die zweite Mannschaft mit einem hochverdienten 3:1 (2:0) im Derby gegen den TSV Neckarau den 3. Sieg in Folge<\/p>\n\n\n\n<p>Nach einer ausgeglichenen Anfangsphase konnte sich unser Team eine optische \u00dcberlegenheit erspielen, die erste gro\u00dfe Chance bot sich dann aber den G\u00e4sten. Nach einem Konter kam ein St\u00fcrmer aus kurzer Distanz frei zum Schuss, scheiterte aber an Mark Doy im Tor. Kurz danach bot sich &nbsp;Mathias Roesinger eine erste Chance, aber er setzte den Ball \u00fcber das Tor. Mitte der ersten Halbzeit gelang dann die F\u00fchrung. Einen Freisto\u00df von Justus G\u00f6ttelmann k\u00f6pfte Mathias Roesinger zum 1:0 ins Netz. Und nur wenig sp\u00e4ter kam erneut Mathias Roesinger im Strafraum zum Schuss und er erh\u00f6hte auf 2:0, was auch gleichzeitig der Halbzeitstand war. Auch nach dem Wechsel blieb unsere Elf spielbestimmend. Bei einer ersten Chance konnte der TuS-Torwart einen Schuss von Tim Glette gerade noch an den Pfosten lenken und ein Schuss von Mathias Roesinger wurde gerade noch abgeblockt. So dauerte es bis in die Schlussphase, bis Tim Glette eine Flanke von Elijah Roob direkt abnahm und mit dem 3:0 f\u00fcr die Entscheidung sorgte. Zwar kamen die G\u00e4ste nach einem Freisto\u00df noch zum Ehrentreffer, doch der hochverdiente Sieg geriet nicht mehr in Gefahr,<\/p>\n\n\n\n<p>Durch diesen Sieg verbesserte sich die Mannschaft noch auf den 8. Tabellenplatz und kann somit zuversichtlich in die Winterpause gehen<\/p>\n","protected":false},"excerpt":{"rendered":"<p>Im letzten Spiel des Jahres feierte die zweite Mannschaft mit einem hochverdienten 3:1 (2:0) im Derby gegen den TSV Neckarau den 3. Sieg in Folge Nach einer ausgeglichenen Anfangsphase konnte sich unser Team eine optische \u00dcberlegenheit erspielen, die erste gro\u00dfe Chance bot sich dann aber den G\u00e4sten. Nach einem Konter kam ein St\u00fcrmer aus kurzer&hellip;&nbsp;<a href=\"https:\/\/mfc08.de\/?p=7299\" rel=\"bookmark\">Weiterlesen &raquo;<span class=\"screen-reader-text\">MFC 08 Lindenhof 2 &#8211; TSV Neckarau 2  3:1 (2:0)<\/span><\/a><\/p>\n","protected":false},"author":5,"featured_media":7037,"comment_status":"closed","ping_status":"closed","sticky":false,"template":"","format":"standard","meta":{"neve_meta_sidebar":"","neve_meta_container":"","neve_meta_enable_content_width":"","neve_meta_content_width":0,"neve_meta_title_alignment":"","neve_meta_author_avatar":"","neve_post_elements_order":"","neve_meta_disable_header":"","neve_meta_disable_footer":"","neve_meta_disable_title":"","_themeisle_gutenberg_block_has_review":false,"footnotes":""},"categories":[5],"tags":[],"class_list":["post-7299","post","type-post","status-publish","format-standard","has-post-thumbnail","hentry","category-2-mannschaft"],"_links":{"self":[{"href":"https:\/\/mfc08.de\/index.php?rest_route=\/wp\/v2\/posts\/7299","targetHints":{"allow":["GET"]}}],"collection":[{"href":"https:\/\/mfc08.de\/index.php?rest_route=\/wp\/v2\/posts"}],"about":[{"href":"https:\/\/mfc08.de\/index.php?rest_route=\/wp\/v2\/types\/post"}],"author":[{"embeddable":true,"href":"https:\/\/mfc08.de\/index.php?rest_route=\/wp\/v2\/users\/5"}],"replies":[{"embeddable":true,"href":"https:\/\/mfc08.de\/index.php?rest_route=%2Fwp%2Fv2%2Fcomments&post=7299"}],"version-history":[{"count":1,"href":"https:\/\/mfc08.de\/index.php?rest_route=\/wp\/v2\/posts\/7299\/revisions"}],"predecessor-version":[{"id":7300,"href":"https:\/\/mfc08.de\/index.php?rest_route=\/wp\/v2\/posts\/7299\/revisions\/7300"}],"wp:featuredmedia":[{"embeddable":true,"href":"https:\/\/mfc08.de\/index.php?rest_route=\/wp\/v2\/media\/7037"}],"wp:attachment":[{"href":"https:\/\/mfc08.de\/index.php?rest_route=%2Fwp%2Fv2%2Fmedia&parent=7299"}],"wp:term":[{"taxonomy":"category","embeddable":true,"href":"https:\/\/mfc08.de\/index.php?rest_route=%2Fwp%2Fv2%2Fcategories&post=7299"},{"taxonomy":"post_tag","embeddable":true,"href":"https:\/\/mfc08.de\/index.php?rest_route=%2Fwp%2Fv2%2Ftags&post=7299"}],"curies":[{"name":"wp","href":"https:\/\/api.w.org\/{rel}","templated":true}]}}