{"id":7301,"date":"2023-12-10T19:40:55","date_gmt":"2023-12-10T19:40:55","guid":{"rendered":"https:\/\/mfc08.de\/?p=7301"},"modified":"2023-12-10T19:40:58","modified_gmt":"2023-12-10T19:40:58","slug":"mfc-08-lindenhof-tsv-neckarau-50-10","status":"publish","type":"post","link":"https:\/\/mfc08.de\/?p=7301","title":{"rendered":"MFC 08 Lindenhof &#8211; TSV Neckarau 5:0 (1:0)"},"content":{"rendered":"\n<p>Mit einem ungef\u00e4hrdeten 5:0 (1:0) Derbysieg gegen den TSV Neckarau verabschiedete sich die erste Mannschaft in die Winterpause.<\/p>\n\n\n\n<p>Unsere Elf von Anfang an mit deutlich mehr Ballbesitz, aber zun\u00e4chst tat man sich schwer richtig gute Chancen zu erspielen. Bei ersten Gelegenheiten verfehlten Tobias Baumann und Patrick Szarka das Tor, ansonsten kam h\u00e4ufig der letzte Pass nicht an. Kurz vor der Pause setzte sich Yusuf Demirci im Strafraum durch und seinen R\u00fcckpass verwertete Ivan Vlaho zur 1:0 Halbzeitf\u00fchrung. In die zweite Halbzeit startete unser Team sehr druckvoll und sorgte schnell f\u00fcr die Entscheidung. Bei einer ersten Chance konnte der Torwart gerade noch Yusuf Demirci den Ball vom Fu\u00df nehmen, doch kurz danach kam Marcel Fe\u00dfler an der Strafraumgrenze an den Ball und mit einem satten Schuss erh\u00f6hte er auf 2:0. Und erneut nur kurz darauf wurde Yusuf Demirci im Strafraum zu Fall gebracht und er verwandelt den f\u00e4lligen Elfmeter selbst zum 3:0. Bei der n\u00e4chsten Gelegenheit wurden Sch\u00fcsse von Yusuf Demirci und Kevin Heck zun\u00e4chst noch geblockt, aber Ivan Vlaho erh\u00f6hte dann im dritten Versuch auf 4:0, womit die Partie nach einer Stunde bereits entschieden war. In der Folge kontrollierte unser Team &nbsp;das Spiel sicher und kam immer wieder zu Torgelegenheiten. Auf der anderen Seite wurde es nur einmal gef\u00e4hrlich, doch ein Schuss der G\u00e4ste landete nur an der Latte. In der Schlussphase erh\u00f6hte Tobias Baumann nach einem Doppelpass mit Yusuf Demirci noch auf 5:0.<\/p>\n\n\n\n<p>Mit diesem Sieg schob sich die Mannschaft auf den 2. Tabellenplatz vor und \u00fcberwintert damit auf dem Platz, der am Ende der Saison zur Teilnahme an den Aufstiegsspielen zur Landesliga berechtigen w\u00fcrde &nbsp;&nbsp;&nbsp;&nbsp;&nbsp;&nbsp;&nbsp;&nbsp;&nbsp;&nbsp;&nbsp;&nbsp;<\/p>\n","protected":false},"excerpt":{"rendered":"<p>Mit einem ungef\u00e4hrdeten 5:0 (1:0) Derbysieg gegen den TSV Neckarau verabschiedete sich die erste Mannschaft in die Winterpause. Unsere Elf von Anfang an mit deutlich mehr Ballbesitz, aber zun\u00e4chst tat man sich schwer richtig gute Chancen zu erspielen. Bei ersten Gelegenheiten verfehlten Tobias Baumann und Patrick Szarka das Tor, ansonsten kam h\u00e4ufig der letzte Pass&hellip;&nbsp;<a href=\"https:\/\/mfc08.de\/?p=7301\" rel=\"bookmark\">Weiterlesen &raquo;<span class=\"screen-reader-text\">MFC 08 Lindenhof &#8211; TSV Neckarau 5:0 (1:0)<\/span><\/a><\/p>\n","protected":false},"author":5,"featured_media":7038,"comment_status":"closed","ping_status":"closed","sticky":false,"template":"","format":"standard","meta":{"neve_meta_sidebar":"","neve_meta_container":"","neve_meta_enable_content_width":"","neve_meta_content_width":0,"neve_meta_title_alignment":"","neve_meta_author_avatar":"","neve_post_elements_order":"","neve_meta_disable_header":"","neve_meta_disable_footer":"","neve_meta_disable_title":"","_themeisle_gutenberg_block_has_review":false,"footnotes":""},"categories":[3],"tags":[],"class_list":["post-7301","post","type-post","status-publish","format-standard","has-post-thumbnail","hentry","category-1-mannschaft"],"_links":{"self":[{"href":"https:\/\/mfc08.de\/index.php?rest_route=\/wp\/v2\/posts\/7301","targetHints":{"allow":["GET"]}}],"collection":[{"href":"https:\/\/mfc08.de\/index.php?rest_route=\/wp\/v2\/posts"}],"about":[{"href":"https:\/\/mfc08.de\/index.php?rest_route=\/wp\/v2\/types\/post"}],"author":[{"embeddable":true,"href":"https:\/\/mfc08.de\/index.php?rest_route=\/wp\/v2\/users\/5"}],"replies":[{"embeddable":true,"href":"https:\/\/mfc08.de\/index.php?rest_route=%2Fwp%2Fv2%2Fcomments&post=7301"}],"version-history":[{"count":1,"href":"https:\/\/mfc08.de\/index.php?rest_route=\/wp\/v2\/posts\/7301\/revisions"}],"predecessor-version":[{"id":7302,"href":"https:\/\/mfc08.de\/index.php?rest_route=\/wp\/v2\/posts\/7301\/revisions\/7302"}],"wp:featuredmedia":[{"embeddable":true,"href":"https:\/\/mfc08.de\/index.php?rest_route=\/wp\/v2\/media\/7038"}],"wp:attachment":[{"href":"https:\/\/mfc08.de\/index.php?rest_route=%2Fwp%2Fv2%2Fmedia&parent=7301"}],"wp:term":[{"taxonomy":"category","embeddable":true,"href":"https:\/\/mfc08.de\/index.php?rest_route=%2Fwp%2Fv2%2Fcategories&post=7301"},{"taxonomy":"post_tag","embeddable":true,"href":"https:\/\/mfc08.de\/index.php?rest_route=%2Fwp%2Fv2%2Ftags&post=7301"}],"curies":[{"name":"wp","href":"https:\/\/api.w.org\/{rel}","templated":true}]}}