{"id":7318,"date":"2023-12-18T08:24:29","date_gmt":"2023-12-18T08:24:29","guid":{"rendered":"https:\/\/mfc08.de\/?p=7318"},"modified":"2023-12-18T08:24:31","modified_gmt":"2023-12-18T08:24:31","slug":"herbstrunde-e2-jugend","status":"publish","type":"post","link":"https:\/\/mfc08.de\/?p=7318","title":{"rendered":"Herbstrunde E2-Jugend"},"content":{"rendered":"\n<p>Als E2-Jugend junger Jahrgang 2014 gingen wir bei der Herbstrunde an den Start, und konnten die Spieltage sehr erfolgreich gestalten von 28 Spielen wurden 27 Gewonnen und 1 Spiel ungl\u00fccklich Verloren. Wir sind sehr Stolz auf unsere Kinder und hoffen das die Fr\u00fchjahrsrunde genauso Erfolgreich verl\u00e4uft wie bisher.<\/p>\n\n\n\n<p>Ein Dankesch\u00f6n geht auch an die Eltern, an unser Verkaufsteam und an alle Helfer die uns Trainer die ganze Zeit unterst\u00fctzen. Timo M\u00fcller<\/p>\n","protected":false},"excerpt":{"rendered":"<p>Als E2-Jugend junger Jahrgang 2014 gingen wir bei der Herbstrunde an den Start, und konnten die Spieltage sehr erfolgreich gestalten von 28 Spielen wurden 27 Gewonnen und 1 Spiel ungl\u00fccklich Verloren. Wir sind sehr Stolz auf unsere Kinder und hoffen das die Fr\u00fchjahrsrunde genauso Erfolgreich verl\u00e4uft wie bisher. Ein Dankesch\u00f6n geht auch an die Eltern,&hellip;&nbsp;<a href=\"https:\/\/mfc08.de\/?p=7318\" rel=\"bookmark\">Weiterlesen &raquo;<span class=\"screen-reader-text\">Herbstrunde E2-Jugend<\/span><\/a><\/p>\n","protected":false},"author":9,"featured_media":7177,"comment_status":"closed","ping_status":"closed","sticky":false,"template":"","format":"standard","meta":{"neve_meta_sidebar":"","neve_meta_container":"","neve_meta_enable_content_width":"","neve_meta_content_width":0,"neve_meta_title_alignment":"","neve_meta_author_avatar":"","neve_post_elements_order":"","neve_meta_disable_header":"","neve_meta_disable_footer":"","neve_meta_disable_title":"","_themeisle_gutenberg_block_has_review":false,"footnotes":""},"categories":[11,1],"tags":[],"class_list":["post-7318","post","type-post","status-publish","format-standard","has-post-thumbnail","hentry","category-jugend","category-uncategorized"],"_links":{"self":[{"href":"https:\/\/mfc08.de\/index.php?rest_route=\/wp\/v2\/posts\/7318","targetHints":{"allow":["GET"]}}],"collection":[{"href":"https:\/\/mfc08.de\/index.php?rest_route=\/wp\/v2\/posts"}],"about":[{"href":"https:\/\/mfc08.de\/index.php?rest_route=\/wp\/v2\/types\/post"}],"author":[{"embeddable":true,"href":"https:\/\/mfc08.de\/index.php?rest_route=\/wp\/v2\/users\/9"}],"replies":[{"embeddable":true,"href":"https:\/\/mfc08.de\/index.php?rest_route=%2Fwp%2Fv2%2Fcomments&post=7318"}],"version-history":[{"count":1,"href":"https:\/\/mfc08.de\/index.php?rest_route=\/wp\/v2\/posts\/7318\/revisions"}],"predecessor-version":[{"id":7319,"href":"https:\/\/mfc08.de\/index.php?rest_route=\/wp\/v2\/posts\/7318\/revisions\/7319"}],"wp:featuredmedia":[{"embeddable":true,"href":"https:\/\/mfc08.de\/index.php?rest_route=\/wp\/v2\/media\/7177"}],"wp:attachment":[{"href":"https:\/\/mfc08.de\/index.php?rest_route=%2Fwp%2Fv2%2Fmedia&parent=7318"}],"wp:term":[{"taxonomy":"category","embeddable":true,"href":"https:\/\/mfc08.de\/index.php?rest_route=%2Fwp%2Fv2%2Fcategories&post=7318"},{"taxonomy":"post_tag","embeddable":true,"href":"https:\/\/mfc08.de\/index.php?rest_route=%2Fwp%2Fv2%2Ftags&post=7318"}],"curies":[{"name":"wp","href":"https:\/\/api.w.org\/{rel}","templated":true}]}}