{"id":7321,"date":"2023-12-21T11:10:35","date_gmt":"2023-12-21T11:10:35","guid":{"rendered":"https:\/\/mfc08.de\/?p=7321"},"modified":"2023-12-23T00:59:43","modified_gmt":"2023-12-23T00:59:43","slug":"weihnachtsfeier-2023","status":"publish","type":"post","link":"https:\/\/mfc08.de\/?p=7321","title":{"rendered":"Weihnachtsfeier 2023"},"content":{"rendered":"\n<p>In unserem Clubhaus, das bis auf den letzten Platz gef\u00fcllt war, versammelten sich \u00fcber 150 anwesende \u201e08er\u201c zu unserer gemeinsamen Vereinsweihnachtsfeier. Neben den Ehrungen f\u00fcr langj\u00e4hrige Mitglieder gab es auch viel Anerkennung und Wertsch\u00e4tzung f\u00fcr das ehrenamtliche Engagement unserer Jugendtrainer und Betreuer. Nach dem gemeinsamen Essen sorgten ein Schinkenwiegen und eine Tombola f\u00fcr ein kurzweiliges Begleitprogramm. Danach verlagerte sich das Geschehen schon fast traditionell immer mehr in Richtung Tresen, wo abteilungs\u00fcbergreifend bis in die fr\u00fchen Morgenstunden gefeiert und getanzt wurde.<\/p>\n","protected":false},"excerpt":{"rendered":"<p>In unserem Clubhaus, das bis auf den letzten Platz gef\u00fcllt war, versammelten sich \u00fcber 150 anwesende \u201e08er\u201c zu unserer gemeinsamen Vereinsweihnachtsfeier. Neben den Ehrungen f\u00fcr langj\u00e4hrige Mitglieder gab es auch viel Anerkennung und Wertsch\u00e4tzung f\u00fcr das ehrenamtliche Engagement unserer Jugendtrainer und Betreuer. Nach dem gemeinsamen Essen sorgten ein Schinkenwiegen und eine Tombola f\u00fcr ein kurzweiliges&hellip;&nbsp;<a href=\"https:\/\/mfc08.de\/?p=7321\" rel=\"bookmark\">Weiterlesen &raquo;<span class=\"screen-reader-text\">Weihnachtsfeier 2023<\/span><\/a><\/p>\n","protected":false},"author":2,"featured_media":7347,"comment_status":"closed","ping_status":"closed","sticky":false,"template":"","format":"standard","meta":{"neve_meta_sidebar":"","neve_meta_container":"","neve_meta_enable_content_width":"","neve_meta_content_width":0,"neve_meta_title_alignment":"","neve_meta_author_avatar":"","neve_post_elements_order":"","neve_meta_disable_header":"","neve_meta_disable_footer":"","neve_meta_disable_title":"","_themeisle_gutenberg_block_has_review":false,"footnotes":""},"categories":[1],"tags":[],"class_list":["post-7321","post","type-post","status-publish","format-standard","has-post-thumbnail","hentry","category-uncategorized"],"_links":{"self":[{"href":"https:\/\/mfc08.de\/index.php?rest_route=\/wp\/v2\/posts\/7321","targetHints":{"allow":["GET"]}}],"collection":[{"href":"https:\/\/mfc08.de\/index.php?rest_route=\/wp\/v2\/posts"}],"about":[{"href":"https:\/\/mfc08.de\/index.php?rest_route=\/wp\/v2\/types\/post"}],"author":[{"embeddable":true,"href":"https:\/\/mfc08.de\/index.php?rest_route=\/wp\/v2\/users\/2"}],"replies":[{"embeddable":true,"href":"https:\/\/mfc08.de\/index.php?rest_route=%2Fwp%2Fv2%2Fcomments&post=7321"}],"version-history":[{"count":1,"href":"https:\/\/mfc08.de\/index.php?rest_route=\/wp\/v2\/posts\/7321\/revisions"}],"predecessor-version":[{"id":7323,"href":"https:\/\/mfc08.de\/index.php?rest_route=\/wp\/v2\/posts\/7321\/revisions\/7323"}],"wp:featuredmedia":[{"embeddable":true,"href":"https:\/\/mfc08.de\/index.php?rest_route=\/wp\/v2\/media\/7347"}],"wp:attachment":[{"href":"https:\/\/mfc08.de\/index.php?rest_route=%2Fwp%2Fv2%2Fmedia&parent=7321"}],"wp:term":[{"taxonomy":"category","embeddable":true,"href":"https:\/\/mfc08.de\/index.php?rest_route=%2Fwp%2Fv2%2Fcategories&post=7321"},{"taxonomy":"post_tag","embeddable":true,"href":"https:\/\/mfc08.de\/index.php?rest_route=%2Fwp%2Fv2%2Ftags&post=7321"}],"curies":[{"name":"wp","href":"https:\/\/api.w.org\/{rel}","templated":true}]}}