{"id":7363,"date":"2024-01-30T20:06:56","date_gmt":"2024-01-30T20:06:56","guid":{"rendered":"https:\/\/mfc08.de\/?p=7363"},"modified":"2024-02-06T20:47:05","modified_gmt":"2024-02-06T20:47:05","slug":"einladung-zur-jugendhauptversammlung-2","status":"publish","type":"post","link":"https:\/\/mfc08.de\/?p=7363","title":{"rendered":"Einladung zur Jugendhauptversammlung\u00a0"},"content":{"rendered":"\n<p>An alle Mitglieder der Jugendabteilung,&nbsp;<\/p>\n\n\n\n<p>hiermit laden wir euch herzlich zur Jugendhauptversammlung am 23.02.2024 um 18:00 Uhr\u00a0<\/p>\n\n\n\n<p>in die Clubhausgastst\u00e4tte am Promenadenweg 15, 68199 Mannheim ein.&nbsp;<\/p>\n\n\n\n<p>Eingeladen sind alle Trainer der Jugendabteilung und alle Spieler, die das 11.Lebensjahr vollendet haben und die Elternvertreter der Kinder die das 11. Lebensjahr noch nicht erreicht haben (pro gemeldeter Mannschaft im Spielbetrieb 2 Elternvertreter)&nbsp;<\/p>\n\n\n\n<p><strong>Tagesordnungspunkte<\/strong>&nbsp;<\/p>\n\n\n\n<ol class=\"wp-block-list\" start=\"1\">\n<li>Begr\u00fc\u00dfung&nbsp;<\/li>\n\n\n\n<li>Feststellung zur Ordnungsgem\u00e4\u00dfen Einberufung&nbsp;<\/li>\n\n\n\n<li>Feststellung der Beschlussf\u00e4higkeit&nbsp;<\/li>\n\n\n\n<li>Genehmigung der Tagesordnungspunkte&nbsp;<\/li>\n\n\n\n<li>R\u00fcckblick auf die Herbstrunde 2023 und Ausblick Fr\u00fchjahrsrunde 2024 der einzelnen Jugendmannschaften<\/li>\n\n\n\n<li>Sportliche Ausrichtung der Jugendmannschaften<\/li>\n\n\n\n<li>R\u00fcckblick auf die Vereinsfeste \u2013 Sommerfest \/ Weihnachtsfeier&nbsp;<\/li>\n\n\n\n<li>Planungen f\u00fcr Aktivit\u00e4ten 2024\n<ul class=\"wp-block-list\">\n<li>&nbsp;Sommerfest&nbsp;<\/li>\n\n\n\n<li>Aktionstag (Aufr\u00e4umen)&nbsp;<\/li>\n\n\n\n<li>Sommer \/ Herbst Fu\u00dfball Camp&nbsp;<\/li>\n\n\n\n<li>Jugendturnier&nbsp;<\/li>\n\n\n\n<li>Weihnachtsfeier&nbsp;<\/li>\n<\/ul>\n<\/li>\n\n\n\n<li>Kassenbericht&nbsp;<\/li>\n\n\n\n<li>Bericht der Kassenpr\u00fcfung&nbsp;<\/li>\n\n\n\n<li>Wahl eines Versammlungsleiters&nbsp;<\/li>\n\n\n\n<li>Entlastung der Jugendleitung&nbsp;<\/li>\n\n\n\n<li>&nbsp;Neuwahlen Vereinsjugendausschuss&nbsp;\n<ul class=\"wp-block-list\">\n<li>Jugendleiter \/ Jugendleiterin&nbsp;<\/li>\n\n\n\n<li>Stellvertretener Jugendleiter \/ Stellvertretene Jugendleiterin&nbsp;<\/li>\n\n\n\n<li>Jugendkassierer \/ Jugendkassiererin&nbsp;&nbsp;<\/li>\n\n\n\n<li>Zwei Jugendvertreter \/ Jugendvertreterin&nbsp;<\/li>\n<\/ul>\n<\/li>\n\n\n\n<li>Ernennung au\u00dferordentlichen Mitgliedern Vereinsjugendausschuss&nbsp;<\/li>\n\n\n\n<li>Beratung Haushaltsplan der Jugendabteilung&nbsp;<\/li>\n\n\n\n<li>Sonstiges&nbsp;<\/li>\n\n\n\n<li>Verabschiedung&nbsp;<\/li>\n<\/ol>\n\n\n\n<p>Wir freuen uns, Sie bei der Mitgliederversammlung zahlreich begr\u00fc\u00dfen zu d\u00fcrfen und verbleibe bis dahin&nbsp;<\/p>\n\n\n\n<p>Mit freundlichem Gru\u00df&nbsp;&nbsp;<\/p>\n\n\n\n<p>Karina Doy&nbsp;<\/p>\n\n\n\n<p>Abteilungsleiterin Jugend&nbsp; MFC 1908 Lindenhof e.V.&nbsp;<\/p>\n","protected":false},"excerpt":{"rendered":"<p>An alle Mitglieder der Jugendabteilung,&nbsp; hiermit laden wir euch herzlich zur Jugendhauptversammlung am 23.02.2024 um 18:00 Uhr\u00a0 in die Clubhausgastst\u00e4tte am Promenadenweg 15, 68199 Mannheim ein.&nbsp; Eingeladen sind alle Trainer der Jugendabteilung und alle Spieler, die das 11.Lebensjahr vollendet haben und die Elternvertreter der Kinder die das 11. Lebensjahr noch nicht erreicht haben (pro gemeldeter&hellip;&nbsp;<a href=\"https:\/\/mfc08.de\/?p=7363\" rel=\"bookmark\">Weiterlesen &raquo;<span class=\"screen-reader-text\">Einladung zur Jugendhauptversammlung\u00a0<\/span><\/a><\/p>\n","protected":false},"author":9,"featured_media":7364,"comment_status":"closed","ping_status":"closed","sticky":false,"template":"","format":"standard","meta":{"neve_meta_sidebar":"","neve_meta_container":"","neve_meta_enable_content_width":"","neve_meta_content_width":0,"neve_meta_title_alignment":"","neve_meta_author_avatar":"","neve_post_elements_order":"","neve_meta_disable_header":"","neve_meta_disable_footer":"","neve_meta_disable_title":"","_themeisle_gutenberg_block_has_review":false,"footnotes":""},"categories":[11,1],"tags":[],"class_list":["post-7363","post","type-post","status-publish","format-standard","has-post-thumbnail","hentry","category-jugend","category-uncategorized"],"_links":{"self":[{"href":"https:\/\/mfc08.de\/index.php?rest_route=\/wp\/v2\/posts\/7363","targetHints":{"allow":["GET"]}}],"collection":[{"href":"https:\/\/mfc08.de\/index.php?rest_route=\/wp\/v2\/posts"}],"about":[{"href":"https:\/\/mfc08.de\/index.php?rest_route=\/wp\/v2\/types\/post"}],"author":[{"embeddable":true,"href":"https:\/\/mfc08.de\/index.php?rest_route=\/wp\/v2\/users\/9"}],"replies":[{"embeddable":true,"href":"https:\/\/mfc08.de\/index.php?rest_route=%2Fwp%2Fv2%2Fcomments&post=7363"}],"version-history":[{"count":2,"href":"https:\/\/mfc08.de\/index.php?rest_route=\/wp\/v2\/posts\/7363\/revisions"}],"predecessor-version":[{"id":7369,"href":"https:\/\/mfc08.de\/index.php?rest_route=\/wp\/v2\/posts\/7363\/revisions\/7369"}],"wp:featuredmedia":[{"embeddable":true,"href":"https:\/\/mfc08.de\/index.php?rest_route=\/wp\/v2\/media\/7364"}],"wp:attachment":[{"href":"https:\/\/mfc08.de\/index.php?rest_route=%2Fwp%2Fv2%2Fmedia&parent=7363"}],"wp:term":[{"taxonomy":"category","embeddable":true,"href":"https:\/\/mfc08.de\/index.php?rest_route=%2Fwp%2Fv2%2Fcategories&post=7363"},{"taxonomy":"post_tag","embeddable":true,"href":"https:\/\/mfc08.de\/index.php?rest_route=%2Fwp%2Fv2%2Ftags&post=7363"}],"curies":[{"name":"wp","href":"https:\/\/api.w.org\/{rel}","templated":true}]}}