{"id":7379,"date":"2024-02-14T17:26:10","date_gmt":"2024-02-14T17:26:10","guid":{"rendered":"https:\/\/mfc08.de\/?p=7379"},"modified":"2024-02-14T17:26:12","modified_gmt":"2024-02-14T17:26:12","slug":"d1-teilnahme-am-tsg-indoor-soccer-cup","status":"publish","type":"post","link":"https:\/\/mfc08.de\/?p=7379","title":{"rendered":"D1 \u2013 Teilnahme am TSG Indoor Soccer Cup"},"content":{"rendered":"\n<p>Am Wochenende veranstaltete die TSG Rheinau ihren Indoor Soccer Cup im Eventhouse Weber.<\/p>\n\n\n\n<p>Unsere D1 Mannschaft, die an dem Turnier teilgenommen hat, konnte in der Gruppenphase zwei Spiele gewinnen, hat zweimal &nbsp;Unentschieden gespielt und nur gegen den sp\u00e4teren Finalteilnehmer Amiticia Viernheim 1 verloren.<\/p>\n\n\n\n<p>Im Viertelfinale konnte Pfingsberg-Hochst\u00e4tt klar mit 3:0 bezwungen werden. &nbsp;Im anschlie\u00dfenden Halbfinale kam es erneut zum Aufeinandertreffen gegen Amiticia Viernheim 1. Auch das zweite Spiel im Turnier gegen Viernheim ging mit 3:0 verloren.<\/p>\n\n\n\n<p>Im Spiel um Platz 3 kam es zum Aufeinandertreffen vom 08er gegen Amiticia Viernheim 2. Leider gab es auch gegen die zweite Mannschaft im kleinem Finale keinen Sieg, so dass es am Ende der 4.Platz f\u00fcr unsere Kicker war.<\/p>\n\n\n\n<p>Gewinner des Turniers war VfR Mannheim 1, die das Finale gegen Amiticia Viernheim 1 gewonnen haben.<\/p>\n\n\n\n<p>Mit nur einem Auswechselspieler waren Spieler und Trainer sehr zufrieden mit dem Erreichen des Halbfinales und dem &nbsp;4.Platz.<\/p>\n\n\n\n<p>Jetzt wartet die Fr\u00fchjahrsrunde auf alle unsere Mannschaften.<\/p>\n","protected":false},"excerpt":{"rendered":"<p>Am Wochenende veranstaltete die TSG Rheinau ihren Indoor Soccer Cup im Eventhouse Weber. Unsere D1 Mannschaft, die an dem Turnier teilgenommen hat, konnte in der Gruppenphase zwei Spiele gewinnen, hat zweimal &nbsp;Unentschieden gespielt und nur gegen den sp\u00e4teren Finalteilnehmer Amiticia Viernheim 1 verloren. Im Viertelfinale konnte Pfingsberg-Hochst\u00e4tt klar mit 3:0 bezwungen werden. &nbsp;Im anschlie\u00dfenden Halbfinale&hellip;&nbsp;<a href=\"https:\/\/mfc08.de\/?p=7379\" rel=\"bookmark\">Weiterlesen &raquo;<span class=\"screen-reader-text\">D1 \u2013 Teilnahme am TSG Indoor Soccer Cup<\/span><\/a><\/p>\n","protected":false},"author":9,"featured_media":7380,"comment_status":"closed","ping_status":"closed","sticky":false,"template":"","format":"standard","meta":{"neve_meta_sidebar":"","neve_meta_container":"","neve_meta_enable_content_width":"","neve_meta_content_width":0,"neve_meta_title_alignment":"","neve_meta_author_avatar":"","neve_post_elements_order":"","neve_meta_disable_header":"","neve_meta_disable_footer":"","neve_meta_disable_title":"","_themeisle_gutenberg_block_has_review":false,"footnotes":""},"categories":[11,1],"tags":[],"class_list":["post-7379","post","type-post","status-publish","format-standard","has-post-thumbnail","hentry","category-jugend","category-uncategorized"],"_links":{"self":[{"href":"https:\/\/mfc08.de\/index.php?rest_route=\/wp\/v2\/posts\/7379","targetHints":{"allow":["GET"]}}],"collection":[{"href":"https:\/\/mfc08.de\/index.php?rest_route=\/wp\/v2\/posts"}],"about":[{"href":"https:\/\/mfc08.de\/index.php?rest_route=\/wp\/v2\/types\/post"}],"author":[{"embeddable":true,"href":"https:\/\/mfc08.de\/index.php?rest_route=\/wp\/v2\/users\/9"}],"replies":[{"embeddable":true,"href":"https:\/\/mfc08.de\/index.php?rest_route=%2Fwp%2Fv2%2Fcomments&post=7379"}],"version-history":[{"count":1,"href":"https:\/\/mfc08.de\/index.php?rest_route=\/wp\/v2\/posts\/7379\/revisions"}],"predecessor-version":[{"id":7381,"href":"https:\/\/mfc08.de\/index.php?rest_route=\/wp\/v2\/posts\/7379\/revisions\/7381"}],"wp:featuredmedia":[{"embeddable":true,"href":"https:\/\/mfc08.de\/index.php?rest_route=\/wp\/v2\/media\/7380"}],"wp:attachment":[{"href":"https:\/\/mfc08.de\/index.php?rest_route=%2Fwp%2Fv2%2Fmedia&parent=7379"}],"wp:term":[{"taxonomy":"category","embeddable":true,"href":"https:\/\/mfc08.de\/index.php?rest_route=%2Fwp%2Fv2%2Fcategories&post=7379"},{"taxonomy":"post_tag","embeddable":true,"href":"https:\/\/mfc08.de\/index.php?rest_route=%2Fwp%2Fv2%2Ftags&post=7379"}],"curies":[{"name":"wp","href":"https:\/\/api.w.org\/{rel}","templated":true}]}}