{"id":7404,"date":"2024-02-20T20:42:25","date_gmt":"2024-02-20T20:42:25","guid":{"rendered":"https:\/\/mfc08.de\/?p=7404"},"modified":"2024-02-20T20:42:28","modified_gmt":"2024-02-20T20:42:28","slug":"turniersieg-der-e2-beim-hallenturnier-vom-vfl-kurpfalz-neckarau","status":"publish","type":"post","link":"https:\/\/mfc08.de\/?p=7404","title":{"rendered":"Turniersieg der E2 beim Hallenturnier vom VFL Kurpfalz Neckarau"},"content":{"rendered":"\n<p>Beim Hallenturnier in der Konrad -Duden-Schule konnte die 08er E2 die Gruppenphase als Tabellen erster mit 9 Punkten abschlie\u00dfen.<br>In einem spannenden Finale gegen die E-Jugend von FC Astoria Walldorf, das erst im 7 Meterschie\u00dfen wurde, sicherten sich die 08er Jungs den Turniersieg. Das Spiel endete mit einem 5:4.<\/p>\n\n\n\n<p>Herzlichen Gl\u00fcckwunsch von dem Trainerteam, die sehr Stolz auf die Mannschaft waren und sind.<\/p>\n","protected":false},"excerpt":{"rendered":"<p>Beim Hallenturnier in der Konrad -Duden-Schule konnte die 08er E2 die Gruppenphase als Tabellen erster mit 9 Punkten abschlie\u00dfen.In einem spannenden Finale gegen die E-Jugend von FC Astoria Walldorf, das erst im 7 Meterschie\u00dfen wurde, sicherten sich die 08er Jungs den Turniersieg. Das Spiel endete mit einem 5:4. Herzlichen Gl\u00fcckwunsch von dem Trainerteam, die sehr&hellip;&nbsp;<a href=\"https:\/\/mfc08.de\/?p=7404\" rel=\"bookmark\">Weiterlesen &raquo;<span class=\"screen-reader-text\">Turniersieg der E2 beim Hallenturnier vom VFL Kurpfalz Neckarau<\/span><\/a><\/p>\n","protected":false},"author":9,"featured_media":7405,"comment_status":"closed","ping_status":"closed","sticky":false,"template":"","format":"standard","meta":{"neve_meta_sidebar":"","neve_meta_container":"","neve_meta_enable_content_width":"","neve_meta_content_width":0,"neve_meta_title_alignment":"","neve_meta_author_avatar":"","neve_post_elements_order":"","neve_meta_disable_header":"","neve_meta_disable_footer":"","neve_meta_disable_title":"","_themeisle_gutenberg_block_has_review":false,"footnotes":""},"categories":[11,1],"tags":[],"class_list":["post-7404","post","type-post","status-publish","format-standard","has-post-thumbnail","hentry","category-jugend","category-uncategorized"],"_links":{"self":[{"href":"https:\/\/mfc08.de\/index.php?rest_route=\/wp\/v2\/posts\/7404","targetHints":{"allow":["GET"]}}],"collection":[{"href":"https:\/\/mfc08.de\/index.php?rest_route=\/wp\/v2\/posts"}],"about":[{"href":"https:\/\/mfc08.de\/index.php?rest_route=\/wp\/v2\/types\/post"}],"author":[{"embeddable":true,"href":"https:\/\/mfc08.de\/index.php?rest_route=\/wp\/v2\/users\/9"}],"replies":[{"embeddable":true,"href":"https:\/\/mfc08.de\/index.php?rest_route=%2Fwp%2Fv2%2Fcomments&post=7404"}],"version-history":[{"count":1,"href":"https:\/\/mfc08.de\/index.php?rest_route=\/wp\/v2\/posts\/7404\/revisions"}],"predecessor-version":[{"id":7406,"href":"https:\/\/mfc08.de\/index.php?rest_route=\/wp\/v2\/posts\/7404\/revisions\/7406"}],"wp:featuredmedia":[{"embeddable":true,"href":"https:\/\/mfc08.de\/index.php?rest_route=\/wp\/v2\/media\/7405"}],"wp:attachment":[{"href":"https:\/\/mfc08.de\/index.php?rest_route=%2Fwp%2Fv2%2Fmedia&parent=7404"}],"wp:term":[{"taxonomy":"category","embeddable":true,"href":"https:\/\/mfc08.de\/index.php?rest_route=%2Fwp%2Fv2%2Fcategories&post=7404"},{"taxonomy":"post_tag","embeddable":true,"href":"https:\/\/mfc08.de\/index.php?rest_route=%2Fwp%2Fv2%2Ftags&post=7404"}],"curies":[{"name":"wp","href":"https:\/\/api.w.org\/{rel}","templated":true}]}}