{"id":7418,"date":"2024-02-26T18:50:22","date_gmt":"2024-02-26T18:50:22","guid":{"rendered":"https:\/\/mfc08.de\/?p=7418"},"modified":"2024-02-26T18:50:24","modified_gmt":"2024-02-26T18:50:24","slug":"es-geht-wieder-los-3","status":"publish","type":"post","link":"https:\/\/mfc08.de\/?p=7418","title":{"rendered":"Es geht wieder los"},"content":{"rendered":"\n<p>Am Wochenende ist es so weit. Die Winterpause hat ein Ende und die aktiven Mannschaften starten in die (Rest-)R\u00fcckrunde<\/p>\n\n\n\n<p>Die erste Mannschaft tritt am Sonntag um 15 Uhr beim SC Olympia Neulu\u00dfheim an und versucht dort den 2. Tabellenplatz zu verteidigen, der ja am Ende der Saison zur Teilnahme an den Relegationsspielen zur Landesliga berechtigen w\u00fcrde<\/p>\n\n\n\n<p>Die zweite Mannschaft spielt ebenfalls am Sonntag um 15 Uhr beim FK Bosna Mannheim und hofft dort den Abstand zu den Abstiegspl\u00e4tzen weiter vergr\u00f6\u00dfern zu k\u00f6nnen<\/p>\n","protected":false},"excerpt":{"rendered":"<p>Am Wochenende ist es so weit. Die Winterpause hat ein Ende und die aktiven Mannschaften starten in die (Rest-)R\u00fcckrunde Die erste Mannschaft tritt am Sonntag um 15 Uhr beim SC Olympia Neulu\u00dfheim an und versucht dort den 2. Tabellenplatz zu verteidigen, der ja am Ende der Saison zur Teilnahme an den Relegationsspielen zur Landesliga berechtigen&hellip;&nbsp;<a href=\"https:\/\/mfc08.de\/?p=7418\" rel=\"bookmark\">Weiterlesen &raquo;<span class=\"screen-reader-text\">Es geht wieder los<\/span><\/a><\/p>\n","protected":false},"author":5,"featured_media":716,"comment_status":"closed","ping_status":"closed","sticky":false,"template":"","format":"standard","meta":{"neve_meta_sidebar":"","neve_meta_container":"","neve_meta_enable_content_width":"","neve_meta_content_width":0,"neve_meta_title_alignment":"","neve_meta_author_avatar":"","neve_post_elements_order":"","neve_meta_disable_header":"","neve_meta_disable_footer":"","neve_meta_disable_title":"","_themeisle_gutenberg_block_has_review":false,"footnotes":""},"categories":[3,5],"tags":[],"class_list":["post-7418","post","type-post","status-publish","format-standard","has-post-thumbnail","hentry","category-1-mannschaft","category-2-mannschaft"],"_links":{"self":[{"href":"https:\/\/mfc08.de\/index.php?rest_route=\/wp\/v2\/posts\/7418","targetHints":{"allow":["GET"]}}],"collection":[{"href":"https:\/\/mfc08.de\/index.php?rest_route=\/wp\/v2\/posts"}],"about":[{"href":"https:\/\/mfc08.de\/index.php?rest_route=\/wp\/v2\/types\/post"}],"author":[{"embeddable":true,"href":"https:\/\/mfc08.de\/index.php?rest_route=\/wp\/v2\/users\/5"}],"replies":[{"embeddable":true,"href":"https:\/\/mfc08.de\/index.php?rest_route=%2Fwp%2Fv2%2Fcomments&post=7418"}],"version-history":[{"count":1,"href":"https:\/\/mfc08.de\/index.php?rest_route=\/wp\/v2\/posts\/7418\/revisions"}],"predecessor-version":[{"id":7419,"href":"https:\/\/mfc08.de\/index.php?rest_route=\/wp\/v2\/posts\/7418\/revisions\/7419"}],"wp:featuredmedia":[{"embeddable":true,"href":"https:\/\/mfc08.de\/index.php?rest_route=\/wp\/v2\/media\/716"}],"wp:attachment":[{"href":"https:\/\/mfc08.de\/index.php?rest_route=%2Fwp%2Fv2%2Fmedia&parent=7418"}],"wp:term":[{"taxonomy":"category","embeddable":true,"href":"https:\/\/mfc08.de\/index.php?rest_route=%2Fwp%2Fv2%2Fcategories&post=7418"},{"taxonomy":"post_tag","embeddable":true,"href":"https:\/\/mfc08.de\/index.php?rest_route=%2Fwp%2Fv2%2Ftags&post=7418"}],"curies":[{"name":"wp","href":"https:\/\/api.w.org\/{rel}","templated":true}]}}