{"id":7434,"date":"2024-03-01T08:59:00","date_gmt":"2024-03-01T08:59:00","guid":{"rendered":"https:\/\/mfc08.de\/?p=7434"},"modified":"2024-03-01T08:59:01","modified_gmt":"2024-03-01T08:59:01","slug":"neu-gewaehlte-jugendleitung","status":"publish","type":"post","link":"https:\/\/mfc08.de\/?p=7434","title":{"rendered":"Neu gew\u00e4hlte Jugendleitung"},"content":{"rendered":"\n<p>Die Jahreshauptversammlung der Jugendabteilung hat am 23.02.2024 eine neue \/ alte Jugendleitung gew\u00e4hlt.<\/p>\n\n\n\n<p>Nach 8 Jahren in der Jugendleitung trat Karina Doy, wie im Vorfeld schon angek\u00fcndigt, nicht wieder zur Wahl an. An dieser Stelle m\u00f6chten wir uns bei Karina f\u00fcr ihre geleistete Arbeit und ihr Engagement f\u00fcr die Jugendabteilung und den Verein herzlichst bedanken. Es ist jedoch kein endg\u00fcltiger Abschied, da sie sich an anderer Stelle im Verein auch weiterhin engagieren wird.<\/p>\n\n\n\n<p>Sven Drauschke wurde als neuer Jugendleiter gew\u00e4hlt und \u00fcbernimmt die Aufgaben von Karina.<\/p>\n\n\n\n<p>Neu in der Jugendleitung d\u00fcrfen wir Robert Neudert als Stellvertreter begr\u00fc\u00dfen. Er wird auch weiterhin als Trainer des Jahrganges 2013 t\u00e4tig sein.<\/p>\n\n\n\n<p>Die Jugendkasse wird weiterhin Markus Greiner gef\u00fchrt.<\/p>\n\n\n\n<p>Mit den Entscheidungen der Jugendversammlung wird das neue Jugendleiterteam die Arbeit in der Abteilung kontinuierlich weiter f\u00fchren.<\/p>\n\n\n\n<p>Die Jugendleitung w\u00fcnscht sich auch weiterhin gute, vertrauensvolle und konstruktive Zusammenarbeit mit Allen, die beim 08er aktiv sind.<\/p>\n","protected":false},"excerpt":{"rendered":"<p>Die Jahreshauptversammlung der Jugendabteilung hat am 23.02.2024 eine neue \/ alte Jugendleitung gew\u00e4hlt. Nach 8 Jahren in der Jugendleitung trat Karina Doy, wie im Vorfeld schon angek\u00fcndigt, nicht wieder zur Wahl an. An dieser Stelle m\u00f6chten wir uns bei Karina f\u00fcr ihre geleistete Arbeit und ihr Engagement f\u00fcr die Jugendabteilung und den Verein herzlichst bedanken.&hellip;&nbsp;<a href=\"https:\/\/mfc08.de\/?p=7434\" rel=\"bookmark\">Weiterlesen &raquo;<span class=\"screen-reader-text\">Neu gew\u00e4hlte Jugendleitung<\/span><\/a><\/p>\n","protected":false},"author":9,"featured_media":7435,"comment_status":"closed","ping_status":"closed","sticky":false,"template":"","format":"standard","meta":{"neve_meta_sidebar":"","neve_meta_container":"","neve_meta_enable_content_width":"","neve_meta_content_width":0,"neve_meta_title_alignment":"","neve_meta_author_avatar":"","neve_post_elements_order":"","neve_meta_disable_header":"","neve_meta_disable_footer":"","neve_meta_disable_title":"","_themeisle_gutenberg_block_has_review":false,"footnotes":""},"categories":[11,1],"tags":[],"class_list":["post-7434","post","type-post","status-publish","format-standard","has-post-thumbnail","hentry","category-jugend","category-uncategorized"],"_links":{"self":[{"href":"https:\/\/mfc08.de\/index.php?rest_route=\/wp\/v2\/posts\/7434","targetHints":{"allow":["GET"]}}],"collection":[{"href":"https:\/\/mfc08.de\/index.php?rest_route=\/wp\/v2\/posts"}],"about":[{"href":"https:\/\/mfc08.de\/index.php?rest_route=\/wp\/v2\/types\/post"}],"author":[{"embeddable":true,"href":"https:\/\/mfc08.de\/index.php?rest_route=\/wp\/v2\/users\/9"}],"replies":[{"embeddable":true,"href":"https:\/\/mfc08.de\/index.php?rest_route=%2Fwp%2Fv2%2Fcomments&post=7434"}],"version-history":[{"count":1,"href":"https:\/\/mfc08.de\/index.php?rest_route=\/wp\/v2\/posts\/7434\/revisions"}],"predecessor-version":[{"id":7436,"href":"https:\/\/mfc08.de\/index.php?rest_route=\/wp\/v2\/posts\/7434\/revisions\/7436"}],"wp:featuredmedia":[{"embeddable":true,"href":"https:\/\/mfc08.de\/index.php?rest_route=\/wp\/v2\/media\/7435"}],"wp:attachment":[{"href":"https:\/\/mfc08.de\/index.php?rest_route=%2Fwp%2Fv2%2Fmedia&parent=7434"}],"wp:term":[{"taxonomy":"category","embeddable":true,"href":"https:\/\/mfc08.de\/index.php?rest_route=%2Fwp%2Fv2%2Fcategories&post=7434"},{"taxonomy":"post_tag","embeddable":true,"href":"https:\/\/mfc08.de\/index.php?rest_route=%2Fwp%2Fv2%2Ftags&post=7434"}],"curies":[{"name":"wp","href":"https:\/\/api.w.org\/{rel}","templated":true}]}}