{"id":7437,"date":"2024-03-03T21:51:00","date_gmt":"2024-03-03T21:51:00","guid":{"rendered":"https:\/\/mfc08.de\/?p=7437"},"modified":"2024-03-03T21:51:02","modified_gmt":"2024-03-03T21:51:02","slug":"fk-bosna-mannheim-mfc-08-lindenhof-2-12-12","status":"publish","type":"post","link":"https:\/\/mfc08.de\/?p=7437","title":{"rendered":"FK Bosna Mannheim &#8211; MFC 08 Lindenhof 2 1:2 (1:2)"},"content":{"rendered":"\n<p>Das Spiel, in dem unsere zweite Mannschaft sportlich mit einer verdienten 2:1 F\u00fchrung auf dem Weg zu einem eminent wichtigen Sieg war, nahm leider ein unr\u00fchmliche Ende<\/p>\n\n\n\n<p>In der Schlussphase wurde der Schiedsrichter massiv von Seiten der Gastgeber bedr\u00e4ngt und beleidigt, so dass er sich letztlich gezwungen sah, das Spiel vorzeitig abzubrechen. Zum Zeitpunkt des Abbruchs f\u00fchrte unser Team mit 2:1. Leon Umst\u00e4tter sorgte bei seinem ersten Einsatz nach langer Verletzungspause f\u00fcr die fr\u00fche F\u00fchrung, und den Ausgleich der Gastgeber konterte Pavel Nikolaev schnell mit einem verwandelten Elfmeter zur erneuten F\u00fchrung. Da unser Team also zum Zeitpunkt des Abbruch f\u00fchrte, d\u00fcrfte es keinen Zweifel geben, dass das Spiel als Sieg f\u00fcr unsere Zweite gewertet wird<\/p>\n\n\n\n<p>Durch diesen Sieg vergr\u00f6\u00dferte das Team den Abstand auf die Abstiegspl\u00e4tze und hat jetzt n\u00e4chste gegen den aktuellen Tabellenf\u00fchrer, den SV Enosis Mannheim, ein \u201aBonusspiel\u2018, in dem sie nichts zu verlieren hat &nbsp;&nbsp;<\/p>\n","protected":false},"excerpt":{"rendered":"<p>Das Spiel, in dem unsere zweite Mannschaft sportlich mit einer verdienten 2:1 F\u00fchrung auf dem Weg zu einem eminent wichtigen Sieg war, nahm leider ein unr\u00fchmliche Ende In der Schlussphase wurde der Schiedsrichter massiv von Seiten der Gastgeber bedr\u00e4ngt und beleidigt, so dass er sich letztlich gezwungen sah, das Spiel vorzeitig abzubrechen. Zum Zeitpunkt des&hellip;&nbsp;<a href=\"https:\/\/mfc08.de\/?p=7437\" rel=\"bookmark\">Weiterlesen &raquo;<span class=\"screen-reader-text\">FK Bosna Mannheim &#8211; MFC 08 Lindenhof 2 1:2 (1:2)<\/span><\/a><\/p>\n","protected":false},"author":5,"featured_media":7037,"comment_status":"closed","ping_status":"closed","sticky":false,"template":"","format":"standard","meta":{"neve_meta_sidebar":"","neve_meta_container":"","neve_meta_enable_content_width":"","neve_meta_content_width":0,"neve_meta_title_alignment":"","neve_meta_author_avatar":"","neve_post_elements_order":"","neve_meta_disable_header":"","neve_meta_disable_footer":"","neve_meta_disable_title":"","_themeisle_gutenberg_block_has_review":false,"footnotes":""},"categories":[5],"tags":[],"class_list":["post-7437","post","type-post","status-publish","format-standard","has-post-thumbnail","hentry","category-2-mannschaft"],"_links":{"self":[{"href":"https:\/\/mfc08.de\/index.php?rest_route=\/wp\/v2\/posts\/7437","targetHints":{"allow":["GET"]}}],"collection":[{"href":"https:\/\/mfc08.de\/index.php?rest_route=\/wp\/v2\/posts"}],"about":[{"href":"https:\/\/mfc08.de\/index.php?rest_route=\/wp\/v2\/types\/post"}],"author":[{"embeddable":true,"href":"https:\/\/mfc08.de\/index.php?rest_route=\/wp\/v2\/users\/5"}],"replies":[{"embeddable":true,"href":"https:\/\/mfc08.de\/index.php?rest_route=%2Fwp%2Fv2%2Fcomments&post=7437"}],"version-history":[{"count":1,"href":"https:\/\/mfc08.de\/index.php?rest_route=\/wp\/v2\/posts\/7437\/revisions"}],"predecessor-version":[{"id":7438,"href":"https:\/\/mfc08.de\/index.php?rest_route=\/wp\/v2\/posts\/7437\/revisions\/7438"}],"wp:featuredmedia":[{"embeddable":true,"href":"https:\/\/mfc08.de\/index.php?rest_route=\/wp\/v2\/media\/7037"}],"wp:attachment":[{"href":"https:\/\/mfc08.de\/index.php?rest_route=%2Fwp%2Fv2%2Fmedia&parent=7437"}],"wp:term":[{"taxonomy":"category","embeddable":true,"href":"https:\/\/mfc08.de\/index.php?rest_route=%2Fwp%2Fv2%2Fcategories&post=7437"},{"taxonomy":"post_tag","embeddable":true,"href":"https:\/\/mfc08.de\/index.php?rest_route=%2Fwp%2Fv2%2Ftags&post=7437"}],"curies":[{"name":"wp","href":"https:\/\/api.w.org\/{rel}","templated":true}]}}