{"id":7451,"date":"2024-03-06T14:41:15","date_gmt":"2024-03-06T14:41:15","guid":{"rendered":"https:\/\/mfc08.de\/?p=7451"},"modified":"2024-03-06T14:48:01","modified_gmt":"2024-03-06T14:48:01","slug":"ordentliche-mitgliederversammlung-am-27-3-2024","status":"publish","type":"post","link":"https:\/\/mfc08.de\/?p=7451","title":{"rendered":"Ordentliche Mitgliederversammlung am 27.3.2024"},"content":{"rendered":"\n<p>Einladung an alle erwachsenen Mitglieder des MFC 08 Lindenhof<br><br>zur ordentlichen Mitgliederversammlung des MFC 08 Lindenhof am Mittwoch, den<br>27.03.2024, um 19:00 Uhr im Clubhaus Promenadenweg 15, 68199 Mannheim<br><br>Der Vorstand des MFC 08 Lindenhof l\u00e4dt Sie herzlich zu der vorgenannten<br>Versammlung ein. Folgende Tagesordnung ist vorgesehen:<\/p>\n\n\n\n<ol class=\"wp-block-list\">\n<li>Begr\u00fc\u00dfung durch den Vorsitzenden<\/li>\n\n\n\n<li>Genehmigung der Tagesordnung und Feststellung der Beschlussf\u00e4higkeit<\/li>\n\n\n\n<li>Bericht des Vorsitzenden und Berichte der Abteilungen<br>a. Abteilung Fu\u00dfball<br>b. Abteilung Jugend<br>c. Abteilung Tennis<br>d. Abteilung Roundnet<\/li>\n\n\n\n<li>Kassenbericht des Schatzmeisters<\/li>\n\n\n\n<li>Bericht der Kassenpr\u00fcfer<\/li>\n\n\n\n<li>Wahl eines Versammlungsleiters \/ einer Versammlungsleiterin<\/li>\n\n\n\n<li>Entlastung des Vorstands<\/li>\n\n\n\n<li>Neuwahl des Vorsitzenden<\/li>\n\n\n\n<li>Neuwahlen<br>a. des stellv. Vorsitzenden \u00b7 \u00b7 \u00b7 b. des Schatzmeisters<br>c. der Kassenpr\u00fcfer  \u00b7 \u00b7 \u00b7 \u00b7 \u00b7 \u00b7 \u00b7 \u00b7d. des \u00c4ltestenrats<\/li>\n\n\n\n<li>Antr\u00e4ge<br>a. Antrag des Vorstandes auf Anhebung der Beitr\u00e4ge<br>b. Antrag des Vorstandes auf Genehmigung der Aufnahme eines Kredites<\/li>\n\n\n\n<li>Verschiedenes<br><br>Wir freuen uns, Sie bei der Mitgliederversammlung zahlreich begr\u00fc\u00dfen zu d\u00fcrfen und<br>verbleibe bis dahin<br><br>mit sportlichen Gr\u00fc\u00dfen<br>der Vorstand des MFC 08 Lindenhof<\/li>\n<\/ol>\n","protected":false},"excerpt":{"rendered":"<p>Einladung an alle erwachsenen Mitglieder des MFC 08 Lindenhof zur ordentlichen Mitgliederversammlung des MFC 08 Lindenhof am Mittwoch, den27.03.2024, um 19:00 Uhr im Clubhaus Promenadenweg 15, 68199 Mannheim Der Vorstand des MFC 08 Lindenhof l\u00e4dt Sie herzlich zu der vorgenanntenVersammlung ein. Folgende Tagesordnung ist vorgesehen:<\/p>\n","protected":false},"author":2,"featured_media":0,"comment_status":"closed","ping_status":"closed","sticky":false,"template":"","format":"standard","meta":{"neve_meta_sidebar":"","neve_meta_container":"","neve_meta_enable_content_width":"","neve_meta_content_width":0,"neve_meta_title_alignment":"","neve_meta_author_avatar":"","neve_post_elements_order":"","neve_meta_disable_header":"","neve_meta_disable_footer":"","neve_meta_disable_title":"","_themeisle_gutenberg_block_has_review":false,"footnotes":""},"categories":[1],"tags":[],"class_list":["post-7451","post","type-post","status-publish","format-standard","hentry","category-uncategorized"],"_links":{"self":[{"href":"https:\/\/mfc08.de\/index.php?rest_route=\/wp\/v2\/posts\/7451","targetHints":{"allow":["GET"]}}],"collection":[{"href":"https:\/\/mfc08.de\/index.php?rest_route=\/wp\/v2\/posts"}],"about":[{"href":"https:\/\/mfc08.de\/index.php?rest_route=\/wp\/v2\/types\/post"}],"author":[{"embeddable":true,"href":"https:\/\/mfc08.de\/index.php?rest_route=\/wp\/v2\/users\/2"}],"replies":[{"embeddable":true,"href":"https:\/\/mfc08.de\/index.php?rest_route=%2Fwp%2Fv2%2Fcomments&post=7451"}],"version-history":[{"count":6,"href":"https:\/\/mfc08.de\/index.php?rest_route=\/wp\/v2\/posts\/7451\/revisions"}],"predecessor-version":[{"id":7458,"href":"https:\/\/mfc08.de\/index.php?rest_route=\/wp\/v2\/posts\/7451\/revisions\/7458"}],"wp:attachment":[{"href":"https:\/\/mfc08.de\/index.php?rest_route=%2Fwp%2Fv2%2Fmedia&parent=7451"}],"wp:term":[{"taxonomy":"category","embeddable":true,"href":"https:\/\/mfc08.de\/index.php?rest_route=%2Fwp%2Fv2%2Fcategories&post=7451"},{"taxonomy":"post_tag","embeddable":true,"href":"https:\/\/mfc08.de\/index.php?rest_route=%2Fwp%2Fv2%2Ftags&post=7451"}],"curies":[{"name":"wp","href":"https:\/\/api.w.org\/{rel}","templated":true}]}}