{"id":7459,"date":"2024-03-08T08:38:28","date_gmt":"2024-03-08T08:38:28","guid":{"rendered":"https:\/\/mfc08.de\/?p=7459"},"modified":"2024-03-08T08:38:29","modified_gmt":"2024-03-08T08:38:29","slug":"f1-gewinnt-die-mini-masters","status":"publish","type":"post","link":"https:\/\/mfc08.de\/?p=7459","title":{"rendered":"F1 gewinnt die Mini Masters"},"content":{"rendered":"\n<p>Am 3. M\u00e4rz fanden die Mini Masters in Heddesheim statt. Die F-Jugend nahm mit zwei Mannschaften teil.<br>Bei fr\u00fchlingshaftem Wetter und unter der strahlenden Sonne konnte die F1 auf dem Fu\u00dfballplatz gl\u00e4nzen und \u00fcberzeugte in allen sechs Spielen, insbesondere in den Lokalderbys. Verdient beendeten sie das Turnier auf dem ersten Platz.<br>Die F2, bei der zwei Deputanten dabei waren, zeigte guten Einsatz und spielte gut mit.<br>Am Samstag spielt die F1 in Feudenheim und die F2 zu Hause auf dem 08er.<br>Am Sonntag haben beide Teams Hallenturniere in K\u00e4fertal. G.Terzi<\/p>\n","protected":false},"excerpt":{"rendered":"<p>Am 3. M\u00e4rz fanden die Mini Masters in Heddesheim statt. Die F-Jugend nahm mit zwei Mannschaften teil.Bei fr\u00fchlingshaftem Wetter und unter der strahlenden Sonne konnte die F1 auf dem Fu\u00dfballplatz gl\u00e4nzen und \u00fcberzeugte in allen sechs Spielen, insbesondere in den Lokalderbys. Verdient beendeten sie das Turnier auf dem ersten Platz.Die F2, bei der zwei Deputanten&hellip;&nbsp;<a href=\"https:\/\/mfc08.de\/?p=7459\" rel=\"bookmark\">Weiterlesen &raquo;<span class=\"screen-reader-text\">F1 gewinnt die Mini Masters<\/span><\/a><\/p>\n","protected":false},"author":9,"featured_media":7460,"comment_status":"closed","ping_status":"closed","sticky":false,"template":"","format":"standard","meta":{"neve_meta_sidebar":"","neve_meta_container":"","neve_meta_enable_content_width":"","neve_meta_content_width":0,"neve_meta_title_alignment":"","neve_meta_author_avatar":"","neve_post_elements_order":"","neve_meta_disable_header":"","neve_meta_disable_footer":"","neve_meta_disable_title":"","_themeisle_gutenberg_block_has_review":false,"footnotes":""},"categories":[11,1],"tags":[],"class_list":["post-7459","post","type-post","status-publish","format-standard","has-post-thumbnail","hentry","category-jugend","category-uncategorized"],"_links":{"self":[{"href":"https:\/\/mfc08.de\/index.php?rest_route=\/wp\/v2\/posts\/7459","targetHints":{"allow":["GET"]}}],"collection":[{"href":"https:\/\/mfc08.de\/index.php?rest_route=\/wp\/v2\/posts"}],"about":[{"href":"https:\/\/mfc08.de\/index.php?rest_route=\/wp\/v2\/types\/post"}],"author":[{"embeddable":true,"href":"https:\/\/mfc08.de\/index.php?rest_route=\/wp\/v2\/users\/9"}],"replies":[{"embeddable":true,"href":"https:\/\/mfc08.de\/index.php?rest_route=%2Fwp%2Fv2%2Fcomments&post=7459"}],"version-history":[{"count":1,"href":"https:\/\/mfc08.de\/index.php?rest_route=\/wp\/v2\/posts\/7459\/revisions"}],"predecessor-version":[{"id":7461,"href":"https:\/\/mfc08.de\/index.php?rest_route=\/wp\/v2\/posts\/7459\/revisions\/7461"}],"wp:featuredmedia":[{"embeddable":true,"href":"https:\/\/mfc08.de\/index.php?rest_route=\/wp\/v2\/media\/7460"}],"wp:attachment":[{"href":"https:\/\/mfc08.de\/index.php?rest_route=%2Fwp%2Fv2%2Fmedia&parent=7459"}],"wp:term":[{"taxonomy":"category","embeddable":true,"href":"https:\/\/mfc08.de\/index.php?rest_route=%2Fwp%2Fv2%2Fcategories&post=7459"},{"taxonomy":"post_tag","embeddable":true,"href":"https:\/\/mfc08.de\/index.php?rest_route=%2Fwp%2Fv2%2Ftags&post=7459"}],"curies":[{"name":"wp","href":"https:\/\/api.w.org\/{rel}","templated":true}]}}