{"id":7465,"date":"2024-03-10T21:54:54","date_gmt":"2024-03-10T21:54:54","guid":{"rendered":"https:\/\/mfc08.de\/?p=7465"},"modified":"2024-03-10T21:56:57","modified_gmt":"2024-03-10T21:56:57","slug":"mfc-08-lindenhof-sc-pfingstberg-hochstaett-33-12","status":"publish","type":"post","link":"https:\/\/mfc08.de\/?p=7465","title":{"rendered":"MFC 08 Lindenhof &#8211; SC Pfingstberg-Hochst\u00e4tt 3:3 (1:2)"},"content":{"rendered":"\n<p>In einer sehr unterhaltsamen Partie trennte sich die erste Mannschaft 3:3 (1:2) vom SC Pfingstberg-Hochst\u00e4tt<\/p>\n\n\n\n<p>Unser Team startete gut in die Partie und kam auch fr\u00fch zu ersten Chancen. Doch der starke Pfingstberger Torwart konnte eine Direktabnahme von Tobias Baumann parieren, ein Kopfball von Yusuf Demirci verfehlte nur ganz knapp das Ziel und danach scheiterte Yusuf Demirci noch einmal am Torwart. Effizienter zeigten sich die G\u00e4ste. Nach einem unn\u00f6tigen Ballverlust im Spielaufbau schalteten sie schnell um ein St\u00fcrmer konnte frei zum 0:1 treffen. Unser Team danach weiter im Vorw\u00e4rtsgang, aber ein Schuss von Ivan Vlaho knallte an die Latte und Michele Cottitto setzte v\u00f6llig freistehend einen Kopfball knapp neben das Tor. Statt dessen erh\u00f6hten die G\u00e4ste nach einem weiteren Konter, bei dem die Abwehr nicht energisch genug agierte, per Kopf sogar auf 0:2. Aber fast im Gegenzug setzte sich Yusuf Demirci im gegnerischen Strafraum durch und verk\u00fcrzte auf 1:2. Auch in der Schlussphase der ersten Halbzeit unsere Elf optisch \u00fcberlegen, aber auch die G\u00e4ste zeigten sich bei ihren Kontern immer wieder gef\u00e4hrlich. Die beste Chance in dieser Phase hatte erneut Yusuf Demirci, aber er scheiterte mit seinem Freisto\u00df am erneut stark reagierenden Torwart. Auch zu Beginn der zweiten Halbzeit zeigte sich unser Team druckvoll, aber der n\u00e4chste Treffer gelang erneut den G\u00e4sten. Nach einem weiteren gut gespielten Konter kam ein St\u00fcrmer frei im Strafraum zum Abschluss und traf zum 1:3. Aber erneut kam unserer Elf schnell zur\u00fcck. Nach einer feinen Kombination kam der gerade eingewechselte Patrick Piontek frei zum Abschluss und traf zum 2:3. Kurz danach nahm Tobias Baumann &nbsp;einen kurz abgewehrten Eckball aus 20m direkt und verfehlte das Tor nur ganz knapp. Bei weiteren Abschl\u00fcssen konnte sich in der Folge erneut der Pfingstberger Torwart mehrfach auszeichnen. Eine Viertelstunde vor Schluss konnte man dann in der gegnerischen H\u00e4lfte den Ball erobern, Yusuf Demirci kam im Strafraum zu Fall und der Schiedsrichter entschied sofort auf Elfmeter. Ivan Vlaho trat an und traf zum 3:3 Ausgleich. Vom Anspiel weg kamen die G\u00e4ste in den Strafraum, auch hier kam ein St\u00fcrmer zu Fall und der Schiedsrichter entschied erneut auf Elfmeter. Lucas Neuhof im Tor konnte diesen aber parieren und somit den erneuten R\u00fcckstand verhindern. Aus dem Gegenzug entwickelte sich die gro\u00dfe Chance zur F\u00fchrung. Aber zun\u00e4chst scheiterte Kevin Heck aus aussichtsreicher Position wieder einmal am Pfingstberger Torwart, der dann auch mit einem ganz starken Reflex den anschlie\u00dfenden Fallr\u00fcckzieher von Ivan Vlaho parierte. Mit der letzten Aktion der Partie w\u00e4re dann den G\u00e4sten fast noch der Siegtreffer gelungen. Nach einem langen Ball kam ein St\u00fcrmer vor dem aus Tor kommenden Lucas Neuhof an den Ball, konnte diesen an ihm vorbeilegen, aber der Winkel wurde zu spitz, so dass er den Ball nicht mehr auf das Tor bringen konnte.<\/p>\n\n\n\n<p>Durch dieses 2. Unentschieden in Folge gegen einen Aufsteiger ist man auf den 3. Tabellenplatz zur\u00fcckgefallen. N\u00e4chste Woche besteht im Spiel beim noch immer punktlosen Schlusslicht FC Hochst\u00e4tt T\u00fcrkspor die n\u00e4chste M\u00f6glichkeit in die Erfolgsspur zur\u00fcckzufinden<\/p>\n","protected":false},"excerpt":{"rendered":"<p>In einer sehr unterhaltsamen Partie trennte sich die erste Mannschaft 3:3 (1:2) vom SC Pfingstberg-Hochst\u00e4tt Unser Team startete gut in die Partie und kam auch fr\u00fch zu ersten Chancen. Doch der starke Pfingstberger Torwart konnte eine Direktabnahme von Tobias Baumann parieren, ein Kopfball von Yusuf Demirci verfehlte nur ganz knapp das Ziel und danach scheiterte&hellip;&nbsp;<a href=\"https:\/\/mfc08.de\/?p=7465\" rel=\"bookmark\">Weiterlesen &raquo;<span class=\"screen-reader-text\">MFC 08 Lindenhof &#8211; SC Pfingstberg-Hochst\u00e4tt 3:3 (1:2)<\/span><\/a><\/p>\n","protected":false},"author":5,"featured_media":7038,"comment_status":"closed","ping_status":"closed","sticky":false,"template":"","format":"standard","meta":{"neve_meta_sidebar":"","neve_meta_container":"","neve_meta_enable_content_width":"","neve_meta_content_width":0,"neve_meta_title_alignment":"","neve_meta_author_avatar":"","neve_post_elements_order":"","neve_meta_disable_header":"","neve_meta_disable_footer":"","neve_meta_disable_title":"","_themeisle_gutenberg_block_has_review":false,"footnotes":""},"categories":[3],"tags":[],"class_list":["post-7465","post","type-post","status-publish","format-standard","has-post-thumbnail","hentry","category-1-mannschaft"],"_links":{"self":[{"href":"https:\/\/mfc08.de\/index.php?rest_route=\/wp\/v2\/posts\/7465","targetHints":{"allow":["GET"]}}],"collection":[{"href":"https:\/\/mfc08.de\/index.php?rest_route=\/wp\/v2\/posts"}],"about":[{"href":"https:\/\/mfc08.de\/index.php?rest_route=\/wp\/v2\/types\/post"}],"author":[{"embeddable":true,"href":"https:\/\/mfc08.de\/index.php?rest_route=\/wp\/v2\/users\/5"}],"replies":[{"embeddable":true,"href":"https:\/\/mfc08.de\/index.php?rest_route=%2Fwp%2Fv2%2Fcomments&post=7465"}],"version-history":[{"count":1,"href":"https:\/\/mfc08.de\/index.php?rest_route=\/wp\/v2\/posts\/7465\/revisions"}],"predecessor-version":[{"id":7466,"href":"https:\/\/mfc08.de\/index.php?rest_route=\/wp\/v2\/posts\/7465\/revisions\/7466"}],"wp:featuredmedia":[{"embeddable":true,"href":"https:\/\/mfc08.de\/index.php?rest_route=\/wp\/v2\/media\/7038"}],"wp:attachment":[{"href":"https:\/\/mfc08.de\/index.php?rest_route=%2Fwp%2Fv2%2Fmedia&parent=7465"}],"wp:term":[{"taxonomy":"category","embeddable":true,"href":"https:\/\/mfc08.de\/index.php?rest_route=%2Fwp%2Fv2%2Fcategories&post=7465"},{"taxonomy":"post_tag","embeddable":true,"href":"https:\/\/mfc08.de\/index.php?rest_route=%2Fwp%2Fv2%2Ftags&post=7465"}],"curies":[{"name":"wp","href":"https:\/\/api.w.org\/{rel}","templated":true}]}}