{"id":7468,"date":"2024-03-10T21:59:35","date_gmt":"2024-03-10T21:59:35","guid":{"rendered":"https:\/\/mfc08.de\/?p=7468"},"modified":"2024-03-10T21:59:36","modified_gmt":"2024-03-10T21:59:36","slug":"giuseppe-carotenuto-folgt-auf-patrick-heinzelmann","status":"publish","type":"post","link":"https:\/\/mfc08.de\/?p=7468","title":{"rendered":"Giuseppe Carotenuto folgt auf Patrick Heinzelmann"},"content":{"rendered":"\n<p>Zur neuen Saison wird es einen Wechsel auf der Trainerposition der ersten Mannschaft geben.<\/p>\n\n\n\n<p>Patrick Heinzelmann, der die Mannschaft im Winter 2020 \u00fcbernommen hat und zu einem Spitzenteam der Liga geformt hat, hatte uns in der Winterpause mitgeteilt, dass er den n\u00e4chsten Schritt gehen m\u00f6chte und daher seine T\u00e4tigkeit beim MFC 08 im Sommer beenden wird. In der Zwischenzeit hat er mit dem SV 98 Schwetzingen auch einen neuen Verein f\u00fcr die neue Saison gefunden. Bis zum Sommer wird er aber alles daf\u00fcr tun, die Runde m\u00f6glichst erfolgreich abzuschlie\u00dfen.<\/p>\n\n\n\n<p>Als sein Nachfolger konnte mit Giuseppe Carotenuto ein Trainer mit 08-Vergangenheit gewonnen werden. Er hat schon in der Jugend beim MFC gespielt, und dann auch noch einmal in der ersten Mannschaft. Nachdem er seine aktive Laufbahn auf Grund von Verletzungen relativ fr\u00fch beenden musste, war er jetzt mehrere Jahre beim SC Pfingstberg-Hochst\u00e4tt als Co-Trainer t\u00e4tig und wird jetzt seine erste Station als hauptverantwortlicher Trainer antreten. Mit ihm konnten wir also wieder einen jungen, engagierten Trainer gewinnen, der die Vereinsphilosophie kennt und in den Gespr\u00e4chen deutlich machte, dass er sich damit voll identifiziert &nbsp;&nbsp;&nbsp;&nbsp;&nbsp;&nbsp;&nbsp;&nbsp;&nbsp;&nbsp;<\/p>\n","protected":false},"excerpt":{"rendered":"<p>Zur neuen Saison wird es einen Wechsel auf der Trainerposition der ersten Mannschaft geben. Patrick Heinzelmann, der die Mannschaft im Winter 2020 \u00fcbernommen hat und zu einem Spitzenteam der Liga geformt hat, hatte uns in der Winterpause mitgeteilt, dass er den n\u00e4chsten Schritt gehen m\u00f6chte und daher seine T\u00e4tigkeit beim MFC 08 im Sommer beenden&hellip;&nbsp;<a href=\"https:\/\/mfc08.de\/?p=7468\" rel=\"bookmark\">Weiterlesen &raquo;<span class=\"screen-reader-text\">Giuseppe Carotenuto folgt auf Patrick Heinzelmann<\/span><\/a><\/p>\n","protected":false},"author":5,"featured_media":7469,"comment_status":"closed","ping_status":"closed","sticky":false,"template":"","format":"standard","meta":{"neve_meta_sidebar":"","neve_meta_container":"","neve_meta_enable_content_width":"","neve_meta_content_width":0,"neve_meta_title_alignment":"","neve_meta_author_avatar":"","neve_post_elements_order":"","neve_meta_disable_header":"","neve_meta_disable_footer":"","neve_meta_disable_title":"","_themeisle_gutenberg_block_has_review":false,"footnotes":""},"categories":[3],"tags":[],"class_list":["post-7468","post","type-post","status-publish","format-standard","has-post-thumbnail","hentry","category-1-mannschaft"],"_links":{"self":[{"href":"https:\/\/mfc08.de\/index.php?rest_route=\/wp\/v2\/posts\/7468","targetHints":{"allow":["GET"]}}],"collection":[{"href":"https:\/\/mfc08.de\/index.php?rest_route=\/wp\/v2\/posts"}],"about":[{"href":"https:\/\/mfc08.de\/index.php?rest_route=\/wp\/v2\/types\/post"}],"author":[{"embeddable":true,"href":"https:\/\/mfc08.de\/index.php?rest_route=\/wp\/v2\/users\/5"}],"replies":[{"embeddable":true,"href":"https:\/\/mfc08.de\/index.php?rest_route=%2Fwp%2Fv2%2Fcomments&post=7468"}],"version-history":[{"count":1,"href":"https:\/\/mfc08.de\/index.php?rest_route=\/wp\/v2\/posts\/7468\/revisions"}],"predecessor-version":[{"id":7470,"href":"https:\/\/mfc08.de\/index.php?rest_route=\/wp\/v2\/posts\/7468\/revisions\/7470"}],"wp:featuredmedia":[{"embeddable":true,"href":"https:\/\/mfc08.de\/index.php?rest_route=\/wp\/v2\/media\/7469"}],"wp:attachment":[{"href":"https:\/\/mfc08.de\/index.php?rest_route=%2Fwp%2Fv2%2Fmedia&parent=7468"}],"wp:term":[{"taxonomy":"category","embeddable":true,"href":"https:\/\/mfc08.de\/index.php?rest_route=%2Fwp%2Fv2%2Fcategories&post=7468"},{"taxonomy":"post_tag","embeddable":true,"href":"https:\/\/mfc08.de\/index.php?rest_route=%2Fwp%2Fv2%2Ftags&post=7468"}],"curies":[{"name":"wp","href":"https:\/\/api.w.org\/{rel}","templated":true}]}}