{"id":7473,"date":"2024-03-12T18:36:14","date_gmt":"2024-03-12T18:36:14","guid":{"rendered":"https:\/\/mfc08.de\/?p=7473"},"modified":"2024-03-12T18:36:16","modified_gmt":"2024-03-12T18:36:16","slug":"f-jugend-hallenturnier","status":"publish","type":"post","link":"https:\/\/mfc08.de\/?p=7473","title":{"rendered":"F-Jugend Hallenturnier"},"content":{"rendered":"\n<p>Am 10. M\u00e4rz hat die F1 am renommierten Hallenturnier in K\u00e4fertal teilgenommen, wo sie erneut zu \u00fcberzeugen wussten. Die Bilanz, vier deutliche Siege (7:2 gegen K\u00e4fertal 2, 9:0 gegen Schwetzingen, 8:1 gegen K\u00e4fertal 1, 13:2 gegen Leiselheim\/Worms) und eine knappe Niederlage gegen Sandhausen (4:5) kann sich sehen lassen. Am Ende haben sich die Kinder ihre Medaillen verdient.<\/p>\n","protected":false},"excerpt":{"rendered":"<p>Am 10. M\u00e4rz hat die F1 am renommierten Hallenturnier in K\u00e4fertal teilgenommen, wo sie erneut zu \u00fcberzeugen wussten. Die Bilanz, vier deutliche Siege (7:2 gegen K\u00e4fertal 2, 9:0 gegen Schwetzingen, 8:1 gegen K\u00e4fertal 1, 13:2 gegen Leiselheim\/Worms) und eine knappe Niederlage gegen Sandhausen (4:5) kann sich sehen lassen. Am Ende haben sich die Kinder ihre&hellip;&nbsp;<a href=\"https:\/\/mfc08.de\/?p=7473\" rel=\"bookmark\">Weiterlesen &raquo;<span class=\"screen-reader-text\">F-Jugend Hallenturnier<\/span><\/a><\/p>\n","protected":false},"author":9,"featured_media":7474,"comment_status":"closed","ping_status":"closed","sticky":false,"template":"","format":"standard","meta":{"neve_meta_sidebar":"","neve_meta_container":"","neve_meta_enable_content_width":"","neve_meta_content_width":0,"neve_meta_title_alignment":"","neve_meta_author_avatar":"","neve_post_elements_order":"","neve_meta_disable_header":"","neve_meta_disable_footer":"","neve_meta_disable_title":"","_themeisle_gutenberg_block_has_review":false,"footnotes":""},"categories":[11,1],"tags":[],"class_list":["post-7473","post","type-post","status-publish","format-standard","has-post-thumbnail","hentry","category-jugend","category-uncategorized"],"_links":{"self":[{"href":"https:\/\/mfc08.de\/index.php?rest_route=\/wp\/v2\/posts\/7473","targetHints":{"allow":["GET"]}}],"collection":[{"href":"https:\/\/mfc08.de\/index.php?rest_route=\/wp\/v2\/posts"}],"about":[{"href":"https:\/\/mfc08.de\/index.php?rest_route=\/wp\/v2\/types\/post"}],"author":[{"embeddable":true,"href":"https:\/\/mfc08.de\/index.php?rest_route=\/wp\/v2\/users\/9"}],"replies":[{"embeddable":true,"href":"https:\/\/mfc08.de\/index.php?rest_route=%2Fwp%2Fv2%2Fcomments&post=7473"}],"version-history":[{"count":1,"href":"https:\/\/mfc08.de\/index.php?rest_route=\/wp\/v2\/posts\/7473\/revisions"}],"predecessor-version":[{"id":7475,"href":"https:\/\/mfc08.de\/index.php?rest_route=\/wp\/v2\/posts\/7473\/revisions\/7475"}],"wp:featuredmedia":[{"embeddable":true,"href":"https:\/\/mfc08.de\/index.php?rest_route=\/wp\/v2\/media\/7474"}],"wp:attachment":[{"href":"https:\/\/mfc08.de\/index.php?rest_route=%2Fwp%2Fv2%2Fmedia&parent=7473"}],"wp:term":[{"taxonomy":"category","embeddable":true,"href":"https:\/\/mfc08.de\/index.php?rest_route=%2Fwp%2Fv2%2Fcategories&post=7473"},{"taxonomy":"post_tag","embeddable":true,"href":"https:\/\/mfc08.de\/index.php?rest_route=%2Fwp%2Fv2%2Ftags&post=7473"}],"curies":[{"name":"wp","href":"https:\/\/api.w.org\/{rel}","templated":true}]}}