{"id":7543,"date":"2024-04-01T20:25:10","date_gmt":"2024-04-01T20:25:10","guid":{"rendered":"https:\/\/mfc08.de\/?p=7543"},"modified":"2024-04-01T20:25:12","modified_gmt":"2024-04-01T20:25:12","slug":"spvgg-ketsch-2-mfc-08-lindenhof-2-03-00","status":"publish","type":"post","link":"https:\/\/mfc08.de\/?p=7543","title":{"rendered":"Spvgg Ketsch 2 &#8211; MFC 08 Lindenhof 2 0:3 (0:0)"},"content":{"rendered":"\n<p>Einen wichtigen 3:0 (0:0) Ausw\u00e4rtssieg feierte die zweite Mannschaft bei der Spvgg Ketsch 2<\/p>\n\n\n\n<p>Nach einer torlosen ersten Halbzeit erzielte Leon Umst\u00e4tter kurz nach der Pause den F\u00fchrungstreffer f\u00fcr unsere Elf. Mathias Roesinger sorgte Mitte der zweiten Halbzeit mit dem 2:0 f\u00fcr eine Vorentscheidung und traf in den Schlussminuten auch noch zum Endstand von 3:0.<\/p>\n\n\n\n<p>N\u00e4chste Woche hat die Elf gegen den direkten Tabellen-Nachbarn DJK\/Fortuna Edingen-Neckarhausen die Chance den jetzt sowieso schon gro\u00dfen Abstand auf die Abstiegspl\u00e4tze weiter auszubauen<\/p>\n","protected":false},"excerpt":{"rendered":"<p>Einen wichtigen 3:0 (0:0) Ausw\u00e4rtssieg feierte die zweite Mannschaft bei der Spvgg Ketsch 2 Nach einer torlosen ersten Halbzeit erzielte Leon Umst\u00e4tter kurz nach der Pause den F\u00fchrungstreffer f\u00fcr unsere Elf. Mathias Roesinger sorgte Mitte der zweiten Halbzeit mit dem 2:0 f\u00fcr eine Vorentscheidung und traf in den Schlussminuten auch noch zum Endstand von 3:0.&hellip;&nbsp;<a href=\"https:\/\/mfc08.de\/?p=7543\" rel=\"bookmark\">Weiterlesen &raquo;<span class=\"screen-reader-text\">Spvgg Ketsch 2 &#8211; MFC 08 Lindenhof 2 0:3 (0:0)<\/span><\/a><\/p>\n","protected":false},"author":5,"featured_media":7037,"comment_status":"closed","ping_status":"closed","sticky":false,"template":"","format":"standard","meta":{"neve_meta_sidebar":"","neve_meta_container":"","neve_meta_enable_content_width":"","neve_meta_content_width":0,"neve_meta_title_alignment":"","neve_meta_author_avatar":"","neve_post_elements_order":"","neve_meta_disable_header":"","neve_meta_disable_footer":"","neve_meta_disable_title":"","_themeisle_gutenberg_block_has_review":false,"footnotes":""},"categories":[5],"tags":[],"class_list":["post-7543","post","type-post","status-publish","format-standard","has-post-thumbnail","hentry","category-2-mannschaft"],"_links":{"self":[{"href":"https:\/\/mfc08.de\/index.php?rest_route=\/wp\/v2\/posts\/7543","targetHints":{"allow":["GET"]}}],"collection":[{"href":"https:\/\/mfc08.de\/index.php?rest_route=\/wp\/v2\/posts"}],"about":[{"href":"https:\/\/mfc08.de\/index.php?rest_route=\/wp\/v2\/types\/post"}],"author":[{"embeddable":true,"href":"https:\/\/mfc08.de\/index.php?rest_route=\/wp\/v2\/users\/5"}],"replies":[{"embeddable":true,"href":"https:\/\/mfc08.de\/index.php?rest_route=%2Fwp%2Fv2%2Fcomments&post=7543"}],"version-history":[{"count":1,"href":"https:\/\/mfc08.de\/index.php?rest_route=\/wp\/v2\/posts\/7543\/revisions"}],"predecessor-version":[{"id":7544,"href":"https:\/\/mfc08.de\/index.php?rest_route=\/wp\/v2\/posts\/7543\/revisions\/7544"}],"wp:featuredmedia":[{"embeddable":true,"href":"https:\/\/mfc08.de\/index.php?rest_route=\/wp\/v2\/media\/7037"}],"wp:attachment":[{"href":"https:\/\/mfc08.de\/index.php?rest_route=%2Fwp%2Fv2%2Fmedia&parent=7543"}],"wp:term":[{"taxonomy":"category","embeddable":true,"href":"https:\/\/mfc08.de\/index.php?rest_route=%2Fwp%2Fv2%2Fcategories&post=7543"},{"taxonomy":"post_tag","embeddable":true,"href":"https:\/\/mfc08.de\/index.php?rest_route=%2Fwp%2Fv2%2Ftags&post=7543"}],"curies":[{"name":"wp","href":"https:\/\/api.w.org\/{rel}","templated":true}]}}