{"id":7545,"date":"2024-04-01T20:28:45","date_gmt":"2024-04-01T20:28:45","guid":{"rendered":"https:\/\/mfc08.de\/?p=7545"},"modified":"2024-04-01T21:04:50","modified_gmt":"2024-04-01T21:04:50","slug":"skv-sandhofen-mfc-08-lindenhof-02-00","status":"publish","type":"post","link":"https:\/\/mfc08.de\/?p=7545","title":{"rendered":"SKV Sandhofen &#8211; MFC 08 Lindenhof 0:2 (0:0)"},"content":{"rendered":"\n<p>Mit einem hochverdienten 2:0 (0:0) beim SKV Sandhofen konnte die erste Mannschaft endlich den ersten Sieg im neuen Jahr feiern<\/p>\n\n\n\n<p>Unsere Mannschaft war von Anfang an spielbestimmend und kam auch schon fr\u00fch durch Tobias Baumann zu einer ersten Chance, doch sein Schuss landete nur an der Latte. Kurz danach kam Yusuf Demirci in aussichtsreicher Position zum Abschluss, doch sein Schuss wurde sichere Beute des Torwarts. Die beste Chance bot sich dann erneut Tobias Baumann, der auf Zuspiel von Aleksandar Markovic frei auf den gegnerischen Torwart zulief, aber an diesem scheiterte. Die Gastgeber verlegten sich weitgehend auf Konter, aber unsere Defensive zeigte sich aufmerksam und konnte diese daher immer wieder unterbinden. Kurz vor der Pause verzog dann zun\u00e4chst noch einmal Yusuf Demirci aus aussichtsreicher Position und der Sandhofener Torwart parierte erneut gut gegen den geschickt von Patrick Piontek freigespielten Tobias Baumann. Somit ging es mit einem torlosen Unentschieden in die Pause. Auch nach dem Wechsel zun\u00e4chst das gleiche Bild. Einen Eckball konnte Patrick Piontek in Richtung Tor verl\u00e4ngern, doch auf der Linie kl\u00e4rte ein Abwehrspieler f\u00fcr den bereits geschlagenen Torwart. Dann war es aber doch soweit. Nach einer Balleroberung in der gegnerischen H\u00e4lfte legte Aleksandar Markovic den Ball in den Lauf von Tobias Baumann. Dieser spitzelte ihn am Torwart vorbei, er prallte allerdings zun\u00e4chst an den Innenpfosten, von wo aus er aber unter Mithilfe einen Abwehrspielers doch noch zur 1:0 F\u00fchrung ins Tor trudelte. Auch danach blieb unsere Mannschaft \u00fcberlegen, und nach einer Freisto\u00df-Flanke von Tobias Baumann konnte Ivan Vlaho per Kopf auf 2:0 erh\u00f6hen. Nach diesem Treffer verflachte die Partie etwas und Sandhofen konnte das Spiel jetzt ausgeglichener gestalten, die Defensive stand aber weiterhin souver\u00e4n und lie\u00df kaum etwas zu. In der Schlussphase scheiterten noch Metehan Durmus und Ivan Vlaho mit einem Freisto\u00df am Torwart, so dass beim 2:0 Sieg blieb<\/p>\n\n\n\n<p>N\u00e4chste Woche kommt es gegen den punktgleichen VfB Gartenstadt zu einem Verfolger-Duell, in dem es darum geht, sich weiter im Kampf um den Relegationsplatz zu positionieren<\/p>\n","protected":false},"excerpt":{"rendered":"<p>Mit einem hochverdienten 2:0 (0:0) beim SKV Sandhofen konnte die erste Mannschaft endlich den ersten Sieg im neuen Jahr feiern Unsere Mannschaft war von Anfang an spielbestimmend und kam auch schon fr\u00fch durch Tobias Baumann zu einer ersten Chance, doch sein Schuss landete nur an der Latte. Kurz danach kam Yusuf Demirci in aussichtsreicher Position&hellip;&nbsp;<a href=\"https:\/\/mfc08.de\/?p=7545\" rel=\"bookmark\">Weiterlesen &raquo;<span class=\"screen-reader-text\">SKV Sandhofen &#8211; MFC 08 Lindenhof 0:2 (0:0)<\/span><\/a><\/p>\n","protected":false},"author":5,"featured_media":7038,"comment_status":"closed","ping_status":"closed","sticky":false,"template":"","format":"standard","meta":{"neve_meta_sidebar":"","neve_meta_container":"","neve_meta_enable_content_width":"","neve_meta_content_width":0,"neve_meta_title_alignment":"","neve_meta_author_avatar":"","neve_post_elements_order":"","neve_meta_disable_header":"","neve_meta_disable_footer":"","neve_meta_disable_title":"","_themeisle_gutenberg_block_has_review":false,"footnotes":""},"categories":[3],"tags":[],"class_list":["post-7545","post","type-post","status-publish","format-standard","has-post-thumbnail","hentry","category-1-mannschaft"],"_links":{"self":[{"href":"https:\/\/mfc08.de\/index.php?rest_route=\/wp\/v2\/posts\/7545","targetHints":{"allow":["GET"]}}],"collection":[{"href":"https:\/\/mfc08.de\/index.php?rest_route=\/wp\/v2\/posts"}],"about":[{"href":"https:\/\/mfc08.de\/index.php?rest_route=\/wp\/v2\/types\/post"}],"author":[{"embeddable":true,"href":"https:\/\/mfc08.de\/index.php?rest_route=\/wp\/v2\/users\/5"}],"replies":[{"embeddable":true,"href":"https:\/\/mfc08.de\/index.php?rest_route=%2Fwp%2Fv2%2Fcomments&post=7545"}],"version-history":[{"count":3,"href":"https:\/\/mfc08.de\/index.php?rest_route=\/wp\/v2\/posts\/7545\/revisions"}],"predecessor-version":[{"id":7549,"href":"https:\/\/mfc08.de\/index.php?rest_route=\/wp\/v2\/posts\/7545\/revisions\/7549"}],"wp:featuredmedia":[{"embeddable":true,"href":"https:\/\/mfc08.de\/index.php?rest_route=\/wp\/v2\/media\/7038"}],"wp:attachment":[{"href":"https:\/\/mfc08.de\/index.php?rest_route=%2Fwp%2Fv2%2Fmedia&parent=7545"}],"wp:term":[{"taxonomy":"category","embeddable":true,"href":"https:\/\/mfc08.de\/index.php?rest_route=%2Fwp%2Fv2%2Fcategories&post=7545"},{"taxonomy":"post_tag","embeddable":true,"href":"https:\/\/mfc08.de\/index.php?rest_route=%2Fwp%2Fv2%2Ftags&post=7545"}],"curies":[{"name":"wp","href":"https:\/\/api.w.org\/{rel}","templated":true}]}}