{"id":7571,"date":"2024-04-07T19:59:11","date_gmt":"2024-04-07T19:59:11","guid":{"rendered":"https:\/\/mfc08.de\/?p=7571"},"modified":"2024-04-07T19:59:13","modified_gmt":"2024-04-07T19:59:13","slug":"mfc-08-lindenhof-vfb-gartenstadt-03-01","status":"publish","type":"post","link":"https:\/\/mfc08.de\/?p=7571","title":{"rendered":"MFC 08 Lindenhof &#8211; VfB Gartenstadt 0:3 (0:1)"},"content":{"rendered":"\n<p>Eine klare 0:3 (0:1) Niederlage musste die erste Mannschaft im Verfolgerduell gegen den VfB Gartenstadt hinnehmen und hat damit zumindest vorerst den Anschluss an den Relegationsplatz verpasst &nbsp;&nbsp;&nbsp;&nbsp;<\/p>\n\n\n\n<p>In der Anfangsphase neutralisierten sich die beiden Mannschaften weitgehend im Mittelfeld, aber die G\u00e4ste wirkten von Beginn an etwas griffiger und spielten auch zielstrebiger nach vorne. Bei einer ersten Chance konnte Ben Koppelmann im Tor noch einen Schuss aus kurzer Distanz per Fu\u00dfabwehr parieren, aber nach einer halben Stunde war es so weit. Nach einem Ballverlust schalteten die G\u00e4ste schnell um, und eine flache Hereingabe verwertete ein St\u00fcrmer freistehend zur nicht unverdienten F\u00fchrung. Kurz danach bot sich Tobias Baumann die Chance zum Ausgleich, doch er scheiterte freistehend an dem Gartenst\u00e4dter Torwart. Somit ging es mit der knappen G\u00e4stef\u00fchrung in die Kabinen. Nach dem Wechsel kam unsere Elf eigentlich gut in die Partie und es bot sich zweimal die Chance zum Ausgleich. Zun\u00e4chst setzte Patrick Piontek nach einer Ecke den Kopfball nur knapp \u00fcber das Tor und dann kam Tobias Baumann aus aussichtsreicher Position zum Abschluss, scheiterte aber erneut am gut reagierenden Torwart. Wesentlich effizienter zeigten sich dann die G\u00e4ste. Zun\u00e4chst kam ein St\u00fcrmer nach einer langen Flanke frei zum Kopfball und erh\u00f6hte auf 0:2 und nur kurz sp\u00e4ter erh\u00f6hten sie nach einem Konter sogar auf 0:3. Auch danach unser Team zwar bem\u00fcht zum Anschluss zu kommen, aber die G\u00e4ste standen defensiv sehr sicher und hatten das Spiel weitgehend unter Kontrolle. Kurz vor Schluss bot sich dann doch noch die Chance zur Ergebniskosmetik. Nach einem Foul im Strafraum an Tobias Baumann gab es einen Elfmeter, doch Enis Kajtazovic traf nur die Latte. Somit blieb es bei der verdienten, wenn auch vielleicht zu hoch ausgefallenen 0:3 Niederlage<\/p>\n\n\n\n<p>N\u00e4chste Woche geht es bei der TSG Eintracht Plankstadt darum, ein weiteres Abrutschen in der Tabelle zu vermeiden &nbsp;&nbsp;&nbsp;&nbsp;&nbsp;&nbsp;&nbsp;&nbsp;&nbsp;&nbsp;&nbsp;&nbsp;&nbsp;&nbsp;&nbsp;&nbsp;&nbsp;&nbsp;&nbsp;&nbsp;&nbsp;&nbsp;&nbsp;&nbsp;&nbsp;&nbsp;&nbsp;&nbsp;&nbsp;&nbsp;<\/p>\n","protected":false},"excerpt":{"rendered":"<p>Eine klare 0:3 (0:1) Niederlage musste die erste Mannschaft im Verfolgerduell gegen den VfB Gartenstadt hinnehmen und hat damit zumindest vorerst den Anschluss an den Relegationsplatz verpasst &nbsp;&nbsp;&nbsp;&nbsp; In der Anfangsphase neutralisierten sich die beiden Mannschaften weitgehend im Mittelfeld, aber die G\u00e4ste wirkten von Beginn an etwas griffiger und spielten auch zielstrebiger nach vorne. Bei&hellip;&nbsp;<a href=\"https:\/\/mfc08.de\/?p=7571\" rel=\"bookmark\">Weiterlesen &raquo;<span class=\"screen-reader-text\">MFC 08 Lindenhof &#8211; VfB Gartenstadt 0:3 (0:1)<\/span><\/a><\/p>\n","protected":false},"author":5,"featured_media":7038,"comment_status":"closed","ping_status":"closed","sticky":false,"template":"","format":"standard","meta":{"neve_meta_sidebar":"","neve_meta_container":"","neve_meta_enable_content_width":"","neve_meta_content_width":0,"neve_meta_title_alignment":"","neve_meta_author_avatar":"","neve_post_elements_order":"","neve_meta_disable_header":"","neve_meta_disable_footer":"","neve_meta_disable_title":"","_themeisle_gutenberg_block_has_review":false,"footnotes":""},"categories":[3],"tags":[],"class_list":["post-7571","post","type-post","status-publish","format-standard","has-post-thumbnail","hentry","category-1-mannschaft"],"_links":{"self":[{"href":"https:\/\/mfc08.de\/index.php?rest_route=\/wp\/v2\/posts\/7571","targetHints":{"allow":["GET"]}}],"collection":[{"href":"https:\/\/mfc08.de\/index.php?rest_route=\/wp\/v2\/posts"}],"about":[{"href":"https:\/\/mfc08.de\/index.php?rest_route=\/wp\/v2\/types\/post"}],"author":[{"embeddable":true,"href":"https:\/\/mfc08.de\/index.php?rest_route=\/wp\/v2\/users\/5"}],"replies":[{"embeddable":true,"href":"https:\/\/mfc08.de\/index.php?rest_route=%2Fwp%2Fv2%2Fcomments&post=7571"}],"version-history":[{"count":1,"href":"https:\/\/mfc08.de\/index.php?rest_route=\/wp\/v2\/posts\/7571\/revisions"}],"predecessor-version":[{"id":7572,"href":"https:\/\/mfc08.de\/index.php?rest_route=\/wp\/v2\/posts\/7571\/revisions\/7572"}],"wp:featuredmedia":[{"embeddable":true,"href":"https:\/\/mfc08.de\/index.php?rest_route=\/wp\/v2\/media\/7038"}],"wp:attachment":[{"href":"https:\/\/mfc08.de\/index.php?rest_route=%2Fwp%2Fv2%2Fmedia&parent=7571"}],"wp:term":[{"taxonomy":"category","embeddable":true,"href":"https:\/\/mfc08.de\/index.php?rest_route=%2Fwp%2Fv2%2Fcategories&post=7571"},{"taxonomy":"post_tag","embeddable":true,"href":"https:\/\/mfc08.de\/index.php?rest_route=%2Fwp%2Fv2%2Ftags&post=7571"}],"curies":[{"name":"wp","href":"https:\/\/api.w.org\/{rel}","templated":true}]}}