{"id":7573,"date":"2024-04-10T12:25:24","date_gmt":"2024-04-10T12:25:24","guid":{"rendered":"https:\/\/mfc08.de\/?p=7573"},"modified":"2024-04-10T12:27:59","modified_gmt":"2024-04-10T12:27:59","slug":"roundnet-startschuss-in-die-internationale-saison","status":"publish","type":"post","link":"https:\/\/mfc08.de\/?p=7573","title":{"rendered":"Roundnet: Startschuss in die internationale Saison mit zwei Pro-Qualifikationen"},"content":{"rendered":"\n<p>Roundnet-Spielende aus Mannheim messen sich nicht nur deutschlandweit sondern auch international. Diese Turniere, zumeist veranstaltet oder sanktioniert von EURA, der europ\u00e4ischen Roundnet-Dachorganisation, finden in ganz Europa statt und ziehen Sportler*innen aus den verschiedensten Nationen an. <\/p>\n\n\n\n<p>Dieses Jahr fanden bereits mehrere EURA-sanktionierte Turniere statt, darunter zwei mit Mannheimer beteiligung: Das erste in <strong>Mallorca<\/strong>, das seit Jahren als internationaler Saisonauftakt gesehen wird, und das zweite in <strong>Barcelona<\/strong>, welches zum ersten Mal ein internationales Turnier ausrichtete. <\/p>\n\n\n\n<p>Bei beiden Turnieren waren die Mannheimer Mosquitos sehr erfolgreich:<\/p>\n\n\n\n<p>In <strong>Mallorca<\/strong> holten sich Larissa und Coco aus Graz in der Division Women Contender den 6. Platz, was f\u00fcr beide den Pro-Status bedeutete. Der Pro-Status erm\u00f6glicht es, in den n\u00e4chsten Turnieren in der h\u00f6chsten Qualifikationsstufe anzutreten und sich mit den besten aus ganz Europa zu messen. <\/p>\n\n\n\n<figure class=\"wp-block-image size-large\"><img fetchpriority=\"high\" decoding=\"async\" width=\"1024\" height=\"768\" src=\"https:\/\/mfc08.de\/wp-content\/uploads\/2024\/04\/IMG_1900-1024x768.jpg\" alt=\"\" class=\"wp-image-7575\" srcset=\"https:\/\/mfc08.de\/wp-content\/uploads\/2024\/04\/IMG_1900-1024x768.jpg 1024w, https:\/\/mfc08.de\/wp-content\/uploads\/2024\/04\/IMG_1900-300x225.jpg 300w, https:\/\/mfc08.de\/wp-content\/uploads\/2024\/04\/IMG_1900-768x576.jpg 768w, https:\/\/mfc08.de\/wp-content\/uploads\/2024\/04\/IMG_1900.jpg 1333w\" sizes=\"(max-width: 1024px) 100vw, 1024px\" \/><\/figure>\n\n\n\n<p>Auch Giuseppe und Martin holten alles aus diesem kalten und windigen M\u00e4rztag auf Mallorca raus und erspielten sich den 16. Platz in der Kategorie Men Contender.<\/p>\n\n\n\n<p>In <strong>Barcelona<\/strong> traten Kris und Larissa an, samstags zun\u00e4chst getrennt, jeweils in den Divisions Open und Women Contender. Larissa erzielte dabei zusammen mit Marie-Alexia aus Belgien einen soliden 7. Platz, w\u00e4hrend sich Kris mit seinem Partner Julian aus M\u00fcchen bis auf den 2. Platz nach vorne k\u00e4mpfte. Auch f\u00fcr die beiden bedeutet dieses Ergebnis eine Qualifizierung als Pro-Spieler f\u00fcr diese Saison. <\/p>\n\n\n\n<p>Im Mixed reichten sonntags dann die Kr\u00e4fte nicht mehr aus und Kris und Larissa landeten am Ende auf Platz 23. Nichtsdestotrotz war es ein gelungenes Wochenende und die beiden k\u00f6nnen nun beim n\u00e4chsten Turnier in der Pro-Division antreten!<\/p>\n\n\n\n<figure class=\"wp-block-gallery has-nested-images columns-default is-cropped wp-block-gallery-1 is-layout-flex wp-block-gallery-is-layout-flex\">\n<figure class=\"wp-block-image size-large\"><img decoding=\"async\" width=\"768\" height=\"1024\" data-id=\"7577\" src=\"https:\/\/mfc08.de\/wp-content\/uploads\/2024\/04\/IMG_20240330_220852_154-768x1024.jpg\" alt=\"\" class=\"wp-image-7577\" srcset=\"https:\/\/mfc08.de\/wp-content\/uploads\/2024\/04\/IMG_20240330_220852_154-768x1024.jpg 768w, https:\/\/mfc08.de\/wp-content\/uploads\/2024\/04\/IMG_20240330_220852_154-225x300.jpg 225w, https:\/\/mfc08.de\/wp-content\/uploads\/2024\/04\/IMG_20240330_220852_154.jpg 960w\" sizes=\"(max-width: 768px) 100vw, 768px\" \/><\/figure>\n\n\n\n<figure class=\"wp-block-image size-large\"><img decoding=\"async\" width=\"768\" height=\"1024\" data-id=\"7576\" src=\"https:\/\/mfc08.de\/wp-content\/uploads\/2024\/04\/IMG_20240330_220858_703-768x1024.jpg\" alt=\"\" class=\"wp-image-7576\" srcset=\"https:\/\/mfc08.de\/wp-content\/uploads\/2024\/04\/IMG_20240330_220858_703-768x1024.jpg 768w, https:\/\/mfc08.de\/wp-content\/uploads\/2024\/04\/IMG_20240330_220858_703-225x300.jpg 225w, https:\/\/mfc08.de\/wp-content\/uploads\/2024\/04\/IMG_20240330_220858_703.jpg 960w\" sizes=\"(max-width: 768px) 100vw, 768px\" \/><\/figure>\n\n\n\n<figure class=\"wp-block-image size-large\"><img loading=\"lazy\" decoding=\"async\" width=\"768\" height=\"1024\" data-id=\"7578\" src=\"https:\/\/mfc08.de\/wp-content\/uploads\/2024\/04\/20240331_094531-768x1024.jpg\" alt=\"\" class=\"wp-image-7578\" srcset=\"https:\/\/mfc08.de\/wp-content\/uploads\/2024\/04\/20240331_094531-768x1024.jpg 768w, https:\/\/mfc08.de\/wp-content\/uploads\/2024\/04\/20240331_094531-225x300.jpg 225w, https:\/\/mfc08.de\/wp-content\/uploads\/2024\/04\/20240331_094531.jpg 1000w\" sizes=\"(max-width: 768px) 100vw, 768px\" \/><\/figure>\n<\/figure>\n","protected":false},"excerpt":{"rendered":"<p>Roundnet-Spielende aus Mannheim messen sich nicht nur deutschlandweit sondern auch international. Diese Turniere, zumeist veranstaltet oder sanktioniert von EURA, der europ\u00e4ischen Roundnet-Dachorganisation, finden in ganz Europa statt und ziehen Sportler*innen aus den verschiedensten Nationen an. Dieses Jahr fanden bereits mehrere EURA-sanktionierte Turniere statt, darunter zwei mit Mannheimer beteiligung: Das erste in Mallorca, das seit Jahren&hellip;&nbsp;<a href=\"https:\/\/mfc08.de\/?p=7573\" rel=\"bookmark\">Weiterlesen &raquo;<span class=\"screen-reader-text\">Roundnet: Startschuss in die internationale Saison mit zwei Pro-Qualifikationen<\/span><\/a><\/p>\n","protected":false},"author":10,"featured_media":7579,"comment_status":"closed","ping_status":"closed","sticky":false,"template":"","format":"standard","meta":{"neve_meta_sidebar":"","neve_meta_container":"","neve_meta_enable_content_width":"","neve_meta_content_width":0,"neve_meta_title_alignment":"","neve_meta_author_avatar":"","neve_post_elements_order":"","neve_meta_disable_header":"","neve_meta_disable_footer":"","neve_meta_disable_title":"","_themeisle_gutenberg_block_has_review":false,"footnotes":""},"categories":[17],"tags":[],"class_list":["post-7573","post","type-post","status-publish","format-standard","has-post-thumbnail","hentry","category-roundnet"],"_links":{"self":[{"href":"https:\/\/mfc08.de\/index.php?rest_route=\/wp\/v2\/posts\/7573","targetHints":{"allow":["GET"]}}],"collection":[{"href":"https:\/\/mfc08.de\/index.php?rest_route=\/wp\/v2\/posts"}],"about":[{"href":"https:\/\/mfc08.de\/index.php?rest_route=\/wp\/v2\/types\/post"}],"author":[{"embeddable":true,"href":"https:\/\/mfc08.de\/index.php?rest_route=\/wp\/v2\/users\/10"}],"replies":[{"embeddable":true,"href":"https:\/\/mfc08.de\/index.php?rest_route=%2Fwp%2Fv2%2Fcomments&post=7573"}],"version-history":[{"count":2,"href":"https:\/\/mfc08.de\/index.php?rest_route=\/wp\/v2\/posts\/7573\/revisions"}],"predecessor-version":[{"id":7581,"href":"https:\/\/mfc08.de\/index.php?rest_route=\/wp\/v2\/posts\/7573\/revisions\/7581"}],"wp:featuredmedia":[{"embeddable":true,"href":"https:\/\/mfc08.de\/index.php?rest_route=\/wp\/v2\/media\/7579"}],"wp:attachment":[{"href":"https:\/\/mfc08.de\/index.php?rest_route=%2Fwp%2Fv2%2Fmedia&parent=7573"}],"wp:term":[{"taxonomy":"category","embeddable":true,"href":"https:\/\/mfc08.de\/index.php?rest_route=%2Fwp%2Fv2%2Fcategories&post=7573"},{"taxonomy":"post_tag","embeddable":true,"href":"https:\/\/mfc08.de\/index.php?rest_route=%2Fwp%2Fv2%2Ftags&post=7573"}],"curies":[{"name":"wp","href":"https:\/\/api.w.org\/{rel}","templated":true}]}}