{"id":7590,"date":"2024-04-18T12:15:23","date_gmt":"2024-04-18T12:15:23","guid":{"rendered":"https:\/\/mfc08.de\/?p=7590"},"modified":"2024-04-18T12:15:24","modified_gmt":"2024-04-18T12:15:24","slug":"tennis-saisoneroeffnung-am-14-04-24","status":"publish","type":"post","link":"https:\/\/mfc08.de\/?p=7590","title":{"rendered":"Tennis: Saisoner\u00f6ffnung am 14.04.24"},"content":{"rendered":"\n<p>Vielen flei\u00dfigen H\u00e4nden ist es zu verdanken, dass unsere Pl\u00e4tze bereits am 07.04.24 spielbereit waren. Was auch aufgrund des hervorragenden Wetters rege genutzt wurde.<\/p>\n\n\n\n<p>Ca. 30 Mitglieder folgten der Einladung der Tennisabteilung, um bei Sonnenschein und angenehmen Temperaturen den einleitenden Worten unseres Abteilungsleiters, Andy Hauk, zu lauschen.<\/p>\n\n\n\n<p>Andy ging nochmals kurz auf die heikle Situation mit der Pumpe ein, die gr\u00f6\u00dftenteils behoben werden konnte. Ein besonderer Dank geht hier an alle involvierten Mitglieder und Helfer, die ma\u00dfgeblich dazu beitrugen, die Pumpe wieder gangbar zu machen, allen voran Marian, Turbo, Ebi, Herbert, Florian, Dietmar, Leon, Klaus, Uwe Jehle, Peter Pinto, Andy, Holger, Kazimir, Peter Remp, Manfred Donat sowie Fu\u00dfballer des MFC 08 Lindenhof. Sollte ich jemanden vergessen haben, so seht mir das bitte nach.<\/p>\n\n\n\n<p>Er bedankte sich bei allen Helfern, Spendern und G\u00f6nnern der Tennisabteilung, nicht nur des heutigen Tages sondern auch generell.<\/p>\n\n\n\n<p>Mit guten W\u00fcnschen f\u00fcr die bevorstehende Medenrunde war dann der Weg frei zu Wei\u00dfw\u00fcrsten, Brezeln und Wei\u00dfbier &#8211; genug f\u00fcr alle.<\/p>\n\n\n\n<p>Mit dieser guten Grundlage konnte nat\u00fcrlich auch der Tennisschl\u00e4ger geschwungen werden, was von einigen Mitgliedern auch tatkr\u00e4ftig umgesetzt wurde.<\/p>\n\n\n\n<p>Rundum war es ein gelungenes Fest im Kreise unserer kleinen Tennisfamilie.<\/p>\n","protected":false},"excerpt":{"rendered":"<p>Vielen flei\u00dfigen H\u00e4nden ist es zu verdanken, dass unsere Pl\u00e4tze bereits am 07.04.24 spielbereit waren. Was auch aufgrund des hervorragenden Wetters rege genutzt wurde. Ca. 30 Mitglieder folgten der Einladung der Tennisabteilung, um bei Sonnenschein und angenehmen Temperaturen den einleitenden Worten unseres Abteilungsleiters, Andy Hauk, zu lauschen. Andy ging nochmals kurz auf die heikle Situation&hellip;&nbsp;<a href=\"https:\/\/mfc08.de\/?p=7590\" rel=\"bookmark\">Weiterlesen &raquo;<span class=\"screen-reader-text\">Tennis: Saisoner\u00f6ffnung am 14.04.24<\/span><\/a><\/p>\n","protected":false},"author":6,"featured_media":7596,"comment_status":"closed","ping_status":"closed","sticky":false,"template":"","format":"standard","meta":{"neve_meta_sidebar":"","neve_meta_container":"","neve_meta_enable_content_width":"","neve_meta_content_width":0,"neve_meta_title_alignment":"","neve_meta_author_avatar":"","neve_post_elements_order":"","neve_meta_disable_header":"","neve_meta_disable_footer":"","neve_meta_disable_title":"","_themeisle_gutenberg_block_has_review":false,"footnotes":""},"categories":[7,1],"tags":[],"class_list":["post-7590","post","type-post","status-publish","format-standard","has-post-thumbnail","hentry","category-tennis","category-uncategorized"],"_links":{"self":[{"href":"https:\/\/mfc08.de\/index.php?rest_route=\/wp\/v2\/posts\/7590","targetHints":{"allow":["GET"]}}],"collection":[{"href":"https:\/\/mfc08.de\/index.php?rest_route=\/wp\/v2\/posts"}],"about":[{"href":"https:\/\/mfc08.de\/index.php?rest_route=\/wp\/v2\/types\/post"}],"author":[{"embeddable":true,"href":"https:\/\/mfc08.de\/index.php?rest_route=\/wp\/v2\/users\/6"}],"replies":[{"embeddable":true,"href":"https:\/\/mfc08.de\/index.php?rest_route=%2Fwp%2Fv2%2Fcomments&post=7590"}],"version-history":[{"count":4,"href":"https:\/\/mfc08.de\/index.php?rest_route=\/wp\/v2\/posts\/7590\/revisions"}],"predecessor-version":[{"id":7597,"href":"https:\/\/mfc08.de\/index.php?rest_route=\/wp\/v2\/posts\/7590\/revisions\/7597"}],"wp:featuredmedia":[{"embeddable":true,"href":"https:\/\/mfc08.de\/index.php?rest_route=\/wp\/v2\/media\/7596"}],"wp:attachment":[{"href":"https:\/\/mfc08.de\/index.php?rest_route=%2Fwp%2Fv2%2Fmedia&parent=7590"}],"wp:term":[{"taxonomy":"category","embeddable":true,"href":"https:\/\/mfc08.de\/index.php?rest_route=%2Fwp%2Fv2%2Fcategories&post=7590"},{"taxonomy":"post_tag","embeddable":true,"href":"https:\/\/mfc08.de\/index.php?rest_route=%2Fwp%2Fv2%2Ftags&post=7590"}],"curies":[{"name":"wp","href":"https:\/\/api.w.org\/{rel}","templated":true}]}}