{"id":7602,"date":"2024-04-21T19:26:56","date_gmt":"2024-04-21T19:26:56","guid":{"rendered":"https:\/\/mfc08.de\/?p=7602"},"modified":"2024-04-21T19:26:58","modified_gmt":"2024-04-21T19:26:58","slug":"mfc-08-lindenhof-2-fv-08-hockenheim-21-00","status":"publish","type":"post","link":"https:\/\/mfc08.de\/?p=7602","title":{"rendered":"MFC 08 Lindenhof 2 \u2013 FV 08 Hockenheim 2:1 (0:0)"},"content":{"rendered":"\n<p>Einen 2:1 (0:0) Heimsieg feierte die 2. Mannschaft im Spiel gegen den, von unserem fr\u00fcheren Trainer Olsi Sema trainierten, FV 08 Hockenheim<\/p>\n\n\n\n<p>Nach einer torlosen ersten Halbzeit gingen die G\u00e4ste zwar zun\u00e4chst im F\u00fchrung, aber Mathias Roesinger gelang der schnelle Ausgleich und Leon Umst\u00e4tter sorgte dann f\u00fcr den Siegtreffer &nbsp;&nbsp;&nbsp;<\/p>\n\n\n\n<p>N\u00e4chste Woche tritt die Mannschaft beim FC T\u00fcrkspor Mannheim 2 an und hat dort die Chance schon sehr fr\u00fchzeitig den Klassenerhalt auch rechnerisch endg\u00fcltig klar zu machen<\/p>\n","protected":false},"excerpt":{"rendered":"<p>Einen 2:1 (0:0) Heimsieg feierte die 2. Mannschaft im Spiel gegen den, von unserem fr\u00fcheren Trainer Olsi Sema trainierten, FV 08 Hockenheim Nach einer torlosen ersten Halbzeit gingen die G\u00e4ste zwar zun\u00e4chst im F\u00fchrung, aber Mathias Roesinger gelang der schnelle Ausgleich und Leon Umst\u00e4tter sorgte dann f\u00fcr den Siegtreffer &nbsp;&nbsp;&nbsp; N\u00e4chste Woche tritt die Mannschaft&hellip;&nbsp;<a href=\"https:\/\/mfc08.de\/?p=7602\" rel=\"bookmark\">Weiterlesen &raquo;<span class=\"screen-reader-text\">MFC 08 Lindenhof 2 \u2013 FV 08 Hockenheim 2:1 (0:0)<\/span><\/a><\/p>\n","protected":false},"author":5,"featured_media":7037,"comment_status":"closed","ping_status":"closed","sticky":false,"template":"","format":"standard","meta":{"neve_meta_sidebar":"","neve_meta_container":"","neve_meta_enable_content_width":"","neve_meta_content_width":0,"neve_meta_title_alignment":"","neve_meta_author_avatar":"","neve_post_elements_order":"","neve_meta_disable_header":"","neve_meta_disable_footer":"","neve_meta_disable_title":"","_themeisle_gutenberg_block_has_review":false,"footnotes":""},"categories":[5],"tags":[],"class_list":["post-7602","post","type-post","status-publish","format-standard","has-post-thumbnail","hentry","category-2-mannschaft"],"_links":{"self":[{"href":"https:\/\/mfc08.de\/index.php?rest_route=\/wp\/v2\/posts\/7602","targetHints":{"allow":["GET"]}}],"collection":[{"href":"https:\/\/mfc08.de\/index.php?rest_route=\/wp\/v2\/posts"}],"about":[{"href":"https:\/\/mfc08.de\/index.php?rest_route=\/wp\/v2\/types\/post"}],"author":[{"embeddable":true,"href":"https:\/\/mfc08.de\/index.php?rest_route=\/wp\/v2\/users\/5"}],"replies":[{"embeddable":true,"href":"https:\/\/mfc08.de\/index.php?rest_route=%2Fwp%2Fv2%2Fcomments&post=7602"}],"version-history":[{"count":1,"href":"https:\/\/mfc08.de\/index.php?rest_route=\/wp\/v2\/posts\/7602\/revisions"}],"predecessor-version":[{"id":7603,"href":"https:\/\/mfc08.de\/index.php?rest_route=\/wp\/v2\/posts\/7602\/revisions\/7603"}],"wp:featuredmedia":[{"embeddable":true,"href":"https:\/\/mfc08.de\/index.php?rest_route=\/wp\/v2\/media\/7037"}],"wp:attachment":[{"href":"https:\/\/mfc08.de\/index.php?rest_route=%2Fwp%2Fv2%2Fmedia&parent=7602"}],"wp:term":[{"taxonomy":"category","embeddable":true,"href":"https:\/\/mfc08.de\/index.php?rest_route=%2Fwp%2Fv2%2Fcategories&post=7602"},{"taxonomy":"post_tag","embeddable":true,"href":"https:\/\/mfc08.de\/index.php?rest_route=%2Fwp%2Fv2%2Ftags&post=7602"}],"curies":[{"name":"wp","href":"https:\/\/api.w.org\/{rel}","templated":true}]}}