{"id":7604,"date":"2024-04-21T19:28:37","date_gmt":"2024-04-21T19:28:37","guid":{"rendered":"https:\/\/mfc08.de\/?p=7604"},"modified":"2024-04-21T19:28:39","modified_gmt":"2024-04-21T19:28:39","slug":"mfc-08-lindenhof-vfr-mannheim-2-01-01","status":"publish","type":"post","link":"https:\/\/mfc08.de\/?p=7604","title":{"rendered":"MFC 08 Lindenhof \u2013 VfR Mannheim 2 0:1 (0:1)"},"content":{"rendered":"\n<p>Eine 0:1 (0:1) Niederlage musste die erste Mannschaft im Heimspiel gegen den VfR Mannheim 2 hinnehmen<\/p>\n\n\n\n<p>Der souver\u00e4ne Tabellenf\u00fchrer und designierte Aufsteiger in die Landesliga ging Mitte der ersten Halbzeit in F\u00fchrung. Unsere Elf hielt das Spiel zwar bis zum Ende offen, aber es fielen keine weitere Treffer und somit blieb es bei der knappen Niederlage<\/p>\n\n\n\n<p>Im n\u00e4chsten Spiel geht es f\u00fcr die Elf zur Spvgg Wallstadt, gegen die man in der Hinrunde die erste Saison-Niederlage hinnehmen musste<\/p>\n","protected":false},"excerpt":{"rendered":"<p>Eine 0:1 (0:1) Niederlage musste die erste Mannschaft im Heimspiel gegen den VfR Mannheim 2 hinnehmen Der souver\u00e4ne Tabellenf\u00fchrer und designierte Aufsteiger in die Landesliga ging Mitte der ersten Halbzeit in F\u00fchrung. Unsere Elf hielt das Spiel zwar bis zum Ende offen, aber es fielen keine weitere Treffer und somit blieb es bei der knappen&hellip;&nbsp;<a href=\"https:\/\/mfc08.de\/?p=7604\" rel=\"bookmark\">Weiterlesen &raquo;<span class=\"screen-reader-text\">MFC 08 Lindenhof \u2013 VfR Mannheim 2 0:1 (0:1)<\/span><\/a><\/p>\n","protected":false},"author":5,"featured_media":7038,"comment_status":"closed","ping_status":"closed","sticky":false,"template":"","format":"standard","meta":{"neve_meta_sidebar":"","neve_meta_container":"","neve_meta_enable_content_width":"","neve_meta_content_width":0,"neve_meta_title_alignment":"","neve_meta_author_avatar":"","neve_post_elements_order":"","neve_meta_disable_header":"","neve_meta_disable_footer":"","neve_meta_disable_title":"","_themeisle_gutenberg_block_has_review":false,"footnotes":""},"categories":[3],"tags":[],"class_list":["post-7604","post","type-post","status-publish","format-standard","has-post-thumbnail","hentry","category-1-mannschaft"],"_links":{"self":[{"href":"https:\/\/mfc08.de\/index.php?rest_route=\/wp\/v2\/posts\/7604","targetHints":{"allow":["GET"]}}],"collection":[{"href":"https:\/\/mfc08.de\/index.php?rest_route=\/wp\/v2\/posts"}],"about":[{"href":"https:\/\/mfc08.de\/index.php?rest_route=\/wp\/v2\/types\/post"}],"author":[{"embeddable":true,"href":"https:\/\/mfc08.de\/index.php?rest_route=\/wp\/v2\/users\/5"}],"replies":[{"embeddable":true,"href":"https:\/\/mfc08.de\/index.php?rest_route=%2Fwp%2Fv2%2Fcomments&post=7604"}],"version-history":[{"count":1,"href":"https:\/\/mfc08.de\/index.php?rest_route=\/wp\/v2\/posts\/7604\/revisions"}],"predecessor-version":[{"id":7605,"href":"https:\/\/mfc08.de\/index.php?rest_route=\/wp\/v2\/posts\/7604\/revisions\/7605"}],"wp:featuredmedia":[{"embeddable":true,"href":"https:\/\/mfc08.de\/index.php?rest_route=\/wp\/v2\/media\/7038"}],"wp:attachment":[{"href":"https:\/\/mfc08.de\/index.php?rest_route=%2Fwp%2Fv2%2Fmedia&parent=7604"}],"wp:term":[{"taxonomy":"category","embeddable":true,"href":"https:\/\/mfc08.de\/index.php?rest_route=%2Fwp%2Fv2%2Fcategories&post=7604"},{"taxonomy":"post_tag","embeddable":true,"href":"https:\/\/mfc08.de\/index.php?rest_route=%2Fwp%2Fv2%2Ftags&post=7604"}],"curies":[{"name":"wp","href":"https:\/\/api.w.org\/{rel}","templated":true}]}}