{"id":7628,"date":"2024-04-28T20:16:56","date_gmt":"2024-04-28T20:16:56","guid":{"rendered":"https:\/\/mfc08.de\/?p=7628"},"modified":"2024-04-28T20:16:58","modified_gmt":"2024-04-28T20:16:58","slug":"fc-tuerkspor-mannheim-2-mfc-08-lindenhof-2-07-03","status":"publish","type":"post","link":"https:\/\/mfc08.de\/?p=7628","title":{"rendered":"FC T\u00fcrkspor Mannheim 2 \u2013 MFC 08 Lindenhof 2 0:7 (0:3)"},"content":{"rendered":"\n<p>Mit einem souver\u00e4nen 7:0 (3:0) beim FC T\u00fcrkspor Mannheim feierte die 2. Mannschaft den h\u00f6chsten Sieg seit der R\u00fcckkehr in die A-Klasse<\/p>\n\n\n\n<p>Unsere Elf lie\u00df von Beginn an den Ball gut in den eigenen Reihen laufen und \u00fcbernahm schnell das Kommando auf dem Platz. Und so gelang auch schon fr\u00fch die F\u00fchrung. Nach einem Freisto\u00df von Pavel Nikolaev kam Pascal Jehle bei seinem Comeback als Feldspieler an den Ball und traf zur F\u00fchrung. Auch in der Folge kontrollierte unser Team das Spiel, die Gastgeber versuchten es immer mal wieder mit langen B\u00e4llen, die Defensive stand aber sicher und lie\u00df nichts anbrennen. Nachdem zun\u00e4chst bei einigen Chancen die letzte Zielstrebigkeit fehlte, wurde dann doch kurz vor der Pause die Vorentscheidung herbei gef\u00fchrt. Zun\u00e4chst legte Pavel Nikolaev den Ball bei einem Konter f\u00fcr Pino di Nato auf und der traf von der Strafraumgrenze zum 2:0. Und kurz darauf wurde Pascal Jehle im Strafraum vom Torwart von den Beinen geholt und Nico Jehle verwandelte den f\u00e4lligen Elfmeter sicher zum 3:0 Pausenstand. Auch nach dem Wechsel \u00e4nderte sich nichts am Spielverlauf und so fielen fast zwangsl\u00e4ufig auch weitere Treffer f\u00fcr unser Team. Zun\u00e4chst eroberte Pascal Jehle den Ball am gegnerischen Strafraum, spielte Elijah Roob an und der traf aus spitzem Winkel zum 4:0, womit das Spiel fr\u00fch in der 2. Halbzeit endg\u00fcltig entschieden war. Erneut Pascal Jehle war es dann, der nach einer feinen Einzelleistung mit seinem 2. Treffer auf 5:0 erh\u00f6hte. In der Schlussphase war es dann Nico Jehle, der zweimal frei im Strafraum zum Abschluss kam und mit seinen Treffern Nummer 2 und 3 in diesem Spiel auf 7:0 erh\u00f6hte. Erst in der Schlussphase kamen dann auch die Gastgeber noch zu Chancen, aber jetzt konnte sich auch noch Mark Doy im Tor auszeichnen und daf\u00fcr sorgen, dass kein Gegentor hingenommen werden musste. Mit diesem Sieg hat die Mannschaft bereits 5 Spieltage vor Schluss auch rechnerisch den Klassenerhalt schon perfekt gemacht. Herzlichen Gl\u00fcckwunsch dazu.<\/p>\n\n\n\n<p>N\u00e4chste Woche besteht im Heimspiel gegen den SV 98\/07 Seckenheim die M\u00f6glichkeit zu dem Gegner nach Punkten aufzuschlie\u00dfen<\/p>\n","protected":false},"excerpt":{"rendered":"<p>Mit einem souver\u00e4nen 7:0 (3:0) beim FC T\u00fcrkspor Mannheim feierte die 2. Mannschaft den h\u00f6chsten Sieg seit der R\u00fcckkehr in die A-Klasse Unsere Elf lie\u00df von Beginn an den Ball gut in den eigenen Reihen laufen und \u00fcbernahm schnell das Kommando auf dem Platz. Und so gelang auch schon fr\u00fch die F\u00fchrung. Nach einem Freisto\u00df&hellip;&nbsp;<a href=\"https:\/\/mfc08.de\/?p=7628\" rel=\"bookmark\">Weiterlesen &raquo;<span class=\"screen-reader-text\">FC T\u00fcrkspor Mannheim 2 \u2013 MFC 08 Lindenhof 2 0:7 (0:3)<\/span><\/a><\/p>\n","protected":false},"author":5,"featured_media":7037,"comment_status":"closed","ping_status":"closed","sticky":false,"template":"","format":"standard","meta":{"neve_meta_sidebar":"","neve_meta_container":"","neve_meta_enable_content_width":"","neve_meta_content_width":0,"neve_meta_title_alignment":"","neve_meta_author_avatar":"","neve_post_elements_order":"","neve_meta_disable_header":"","neve_meta_disable_footer":"","neve_meta_disable_title":"","_themeisle_gutenberg_block_has_review":false,"footnotes":""},"categories":[5],"tags":[],"class_list":["post-7628","post","type-post","status-publish","format-standard","has-post-thumbnail","hentry","category-2-mannschaft"],"_links":{"self":[{"href":"https:\/\/mfc08.de\/index.php?rest_route=\/wp\/v2\/posts\/7628","targetHints":{"allow":["GET"]}}],"collection":[{"href":"https:\/\/mfc08.de\/index.php?rest_route=\/wp\/v2\/posts"}],"about":[{"href":"https:\/\/mfc08.de\/index.php?rest_route=\/wp\/v2\/types\/post"}],"author":[{"embeddable":true,"href":"https:\/\/mfc08.de\/index.php?rest_route=\/wp\/v2\/users\/5"}],"replies":[{"embeddable":true,"href":"https:\/\/mfc08.de\/index.php?rest_route=%2Fwp%2Fv2%2Fcomments&post=7628"}],"version-history":[{"count":1,"href":"https:\/\/mfc08.de\/index.php?rest_route=\/wp\/v2\/posts\/7628\/revisions"}],"predecessor-version":[{"id":7629,"href":"https:\/\/mfc08.de\/index.php?rest_route=\/wp\/v2\/posts\/7628\/revisions\/7629"}],"wp:featuredmedia":[{"embeddable":true,"href":"https:\/\/mfc08.de\/index.php?rest_route=\/wp\/v2\/media\/7037"}],"wp:attachment":[{"href":"https:\/\/mfc08.de\/index.php?rest_route=%2Fwp%2Fv2%2Fmedia&parent=7628"}],"wp:term":[{"taxonomy":"category","embeddable":true,"href":"https:\/\/mfc08.de\/index.php?rest_route=%2Fwp%2Fv2%2Fcategories&post=7628"},{"taxonomy":"post_tag","embeddable":true,"href":"https:\/\/mfc08.de\/index.php?rest_route=%2Fwp%2Fv2%2Ftags&post=7628"}],"curies":[{"name":"wp","href":"https:\/\/api.w.org\/{rel}","templated":true}]}}