{"id":7648,"date":"2024-05-05T21:12:08","date_gmt":"2024-05-05T21:12:08","guid":{"rendered":"https:\/\/mfc08.de\/?p=7648"},"modified":"2024-05-05T21:12:09","modified_gmt":"2024-05-05T21:12:09","slug":"mfc-08-lindenhof-2-sv-98-07-seckenheim-70-30","status":"publish","type":"post","link":"https:\/\/mfc08.de\/?p=7648","title":{"rendered":"MFC 08 Lindenhof 2 \u2013 SV 98\/07 Seckenheim 7:0 (3:0)"},"content":{"rendered":"\n<p>Die zweite Mannschaft best\u00e4tigte die gute Form der letzten Wochen und kam gegen den SV 98\/07 Seckenheim zu einem klaren 7:0 (3:0) Erfolg<\/p>\n\n\n\n<p>Das Spiel begann f\u00fcr unsere Elf optimal. Ganz fr\u00fch spielte sich die Mannschaft \u00fcber aussen sehr sch\u00f6n durch und Lion G\u00fctlich konnte die flache Hereingabe zum 1:0 ins Netz einschieben. Und nur kurz danach kam erneut Lion G\u00fctlich frei im Strafraum an den Ball und erh\u00f6hte auf 2:0. Nach einer Viertelstunde war es dann Leon Umst\u00e4tter der auf 3:0 erh\u00f6hte und somit diese furiose Anfangsphase kr\u00f6nte. Auch in der Folge hatte das Team voll im Griff und Pavel Nikolaev erh\u00f6hte nach einer halben Stunde auf 4:0. Erst danach kamen die G\u00e4ste etwas besser in die Partie, und scheiterten bei ihrer besten Chance mit einem Kopfball nur am Pfosten. Aber auch unsere Mannschaft hatte noch weitere Chancen, doch bis zur Pause blieb es bei dem 4:0. Und auch der Start in die 2. H\u00e4lfte gelang, fr\u00fch konnte Tim Glette auf 5:0 erh\u00f6hen. Danach hatte Seckenheim zwar f\u00fcr eine Zeit mehr Spielanteile, richtig gef\u00e4hrlich wurde es aber nicht. In der Schlussphase boten sich dann offensiv immer mehr R\u00e4ume, so dass bei einer konsequenterer Spielweise durchaus noch mehr Tore m\u00f6glich gewesen. Christian Bindariu erh\u00f6hte schlie\u00dflich auf 6:0 und Konrad Schmidtke stellte den Endstand von 7:0 her. <\/p>\n\n\n\n<p>N\u00e4chste Woche kann die Mannschaft somit v\u00f6llig unbeschwert beim SC 08 Reilingen aufspielen<\/p>\n","protected":false},"excerpt":{"rendered":"<p>Die zweite Mannschaft best\u00e4tigte die gute Form der letzten Wochen und kam gegen den SV 98\/07 Seckenheim zu einem klaren 7:0 (3:0) Erfolg Das Spiel begann f\u00fcr unsere Elf optimal. Ganz fr\u00fch spielte sich die Mannschaft \u00fcber aussen sehr sch\u00f6n durch und Lion G\u00fctlich konnte die flache Hereingabe zum 1:0 ins Netz einschieben. Und nur&hellip;&nbsp;<a href=\"https:\/\/mfc08.de\/?p=7648\" rel=\"bookmark\">Weiterlesen &raquo;<span class=\"screen-reader-text\">MFC 08 Lindenhof 2 \u2013 SV 98\/07 Seckenheim 7:0 (3:0)<\/span><\/a><\/p>\n","protected":false},"author":5,"featured_media":7037,"comment_status":"closed","ping_status":"closed","sticky":false,"template":"","format":"standard","meta":{"neve_meta_sidebar":"","neve_meta_container":"","neve_meta_enable_content_width":"","neve_meta_content_width":0,"neve_meta_title_alignment":"","neve_meta_author_avatar":"","neve_post_elements_order":"","neve_meta_disable_header":"","neve_meta_disable_footer":"","neve_meta_disable_title":"","_themeisle_gutenberg_block_has_review":false,"footnotes":""},"categories":[5],"tags":[],"class_list":["post-7648","post","type-post","status-publish","format-standard","has-post-thumbnail","hentry","category-2-mannschaft"],"_links":{"self":[{"href":"https:\/\/mfc08.de\/index.php?rest_route=\/wp\/v2\/posts\/7648","targetHints":{"allow":["GET"]}}],"collection":[{"href":"https:\/\/mfc08.de\/index.php?rest_route=\/wp\/v2\/posts"}],"about":[{"href":"https:\/\/mfc08.de\/index.php?rest_route=\/wp\/v2\/types\/post"}],"author":[{"embeddable":true,"href":"https:\/\/mfc08.de\/index.php?rest_route=\/wp\/v2\/users\/5"}],"replies":[{"embeddable":true,"href":"https:\/\/mfc08.de\/index.php?rest_route=%2Fwp%2Fv2%2Fcomments&post=7648"}],"version-history":[{"count":1,"href":"https:\/\/mfc08.de\/index.php?rest_route=\/wp\/v2\/posts\/7648\/revisions"}],"predecessor-version":[{"id":7649,"href":"https:\/\/mfc08.de\/index.php?rest_route=\/wp\/v2\/posts\/7648\/revisions\/7649"}],"wp:featuredmedia":[{"embeddable":true,"href":"https:\/\/mfc08.de\/index.php?rest_route=\/wp\/v2\/media\/7037"}],"wp:attachment":[{"href":"https:\/\/mfc08.de\/index.php?rest_route=%2Fwp%2Fv2%2Fmedia&parent=7648"}],"wp:term":[{"taxonomy":"category","embeddable":true,"href":"https:\/\/mfc08.de\/index.php?rest_route=%2Fwp%2Fv2%2Fcategories&post=7648"},{"taxonomy":"post_tag","embeddable":true,"href":"https:\/\/mfc08.de\/index.php?rest_route=%2Fwp%2Fv2%2Ftags&post=7648"}],"curies":[{"name":"wp","href":"https:\/\/api.w.org\/{rel}","templated":true}]}}