{"id":7650,"date":"2024-05-05T21:14:24","date_gmt":"2024-05-05T21:14:24","guid":{"rendered":"https:\/\/mfc08.de\/?p=7650"},"modified":"2024-05-05T21:14:26","modified_gmt":"2024-05-05T21:14:26","slug":"mfc-08-lindenhof-fv-bruehl-2-12-01","status":"publish","type":"post","link":"https:\/\/mfc08.de\/?p=7650","title":{"rendered":"MFC 08 Lindenhof \u2013 FV Br\u00fchl 2 1:2 (0:1)"},"content":{"rendered":"\n<p>Mit einem 1:2 (0:1) gegen den FV Br\u00fchl 2 musste die erste Mannschaft die dritte Heim-Niederlage in Folge hinnehmen<\/p>\n\n\n\n<p>Die G\u00e4ste kamen deutlich besser in die Partie und gingen fr\u00fch durch einen verwandelten Elfmeter in F\u00fchrung. Erst mit der Zeit fand unser Team in die Partie und konnte sich gegen Ende der ersten Halbzeit eine optische \u00dcberlegenheit erspielen. Yusuf Demirci bot sich zweimal die Chance zum Ausgleich, er konnte diese jedoch nicht nutzen und somit blieb es bis zur Pause beim knappen R\u00fcckstand. Zu Beginn der zweiten Halbzeit agierte unser Team zwar etwas druckvoller, aber den n\u00e4chsten Treffer erzielten wieder die G\u00e4ste. Bei einem der wenigen Konter wurde ein Br\u00fchler Spieler nicht angegriffen und er traf dann mit einem platzierten Schuss von der Strafraumgrenze zum 0:2. In der Folgezeit unsere Mannschaft zwar deutlichfeld\u00fcberlegen, aber der letzte Zug zum Tor fehlte und dann kam auch noch etwas Pech dazu. Zun\u00e4chst klatschte ein Kopfball von Maurice K\u00fchnl an den Pfosten und dann konnte sich der Br\u00fchler Torwart bei zwei Sch\u00fcssen auszeichnen. Erst kurz vor Schluss konnte Oleg Leonidov nach einer Ecke per Kopf auf 1:2 verk\u00fcrzen. Es ergab sich zwar noch eine Ausgleichschance, doch der Schuss von Moritz Miller ging doch deutlich \u00fcber das Tor.<\/p>\n\n\n\n<p>N\u00e4chste steht das schwere Ausw\u00e4rtsspiel bei der TSG L\u00fctzelsachsen auf dem Programm &nbsp;&nbsp;&nbsp;&nbsp;&nbsp;&nbsp;&nbsp;&nbsp;&nbsp;&nbsp;&nbsp;&nbsp;&nbsp;&nbsp;&nbsp;&nbsp;&nbsp;&nbsp;&nbsp;&nbsp;&nbsp;&nbsp;&nbsp;&nbsp;&nbsp;&nbsp;&nbsp;&nbsp;<\/p>\n","protected":false},"excerpt":{"rendered":"<p>Mit einem 1:2 (0:1) gegen den FV Br\u00fchl 2 musste die erste Mannschaft die dritte Heim-Niederlage in Folge hinnehmen Die G\u00e4ste kamen deutlich besser in die Partie und gingen fr\u00fch durch einen verwandelten Elfmeter in F\u00fchrung. Erst mit der Zeit fand unser Team in die Partie und konnte sich gegen Ende der ersten Halbzeit eine&hellip;&nbsp;<a href=\"https:\/\/mfc08.de\/?p=7650\" rel=\"bookmark\">Weiterlesen &raquo;<span class=\"screen-reader-text\">MFC 08 Lindenhof \u2013 FV Br\u00fchl 2 1:2 (0:1)<\/span><\/a><\/p>\n","protected":false},"author":5,"featured_media":7038,"comment_status":"closed","ping_status":"closed","sticky":false,"template":"","format":"standard","meta":{"neve_meta_sidebar":"","neve_meta_container":"","neve_meta_enable_content_width":"","neve_meta_content_width":0,"neve_meta_title_alignment":"","neve_meta_author_avatar":"","neve_post_elements_order":"","neve_meta_disable_header":"","neve_meta_disable_footer":"","neve_meta_disable_title":"","_themeisle_gutenberg_block_has_review":false,"footnotes":""},"categories":[3],"tags":[],"class_list":["post-7650","post","type-post","status-publish","format-standard","has-post-thumbnail","hentry","category-1-mannschaft"],"_links":{"self":[{"href":"https:\/\/mfc08.de\/index.php?rest_route=\/wp\/v2\/posts\/7650","targetHints":{"allow":["GET"]}}],"collection":[{"href":"https:\/\/mfc08.de\/index.php?rest_route=\/wp\/v2\/posts"}],"about":[{"href":"https:\/\/mfc08.de\/index.php?rest_route=\/wp\/v2\/types\/post"}],"author":[{"embeddable":true,"href":"https:\/\/mfc08.de\/index.php?rest_route=\/wp\/v2\/users\/5"}],"replies":[{"embeddable":true,"href":"https:\/\/mfc08.de\/index.php?rest_route=%2Fwp%2Fv2%2Fcomments&post=7650"}],"version-history":[{"count":1,"href":"https:\/\/mfc08.de\/index.php?rest_route=\/wp\/v2\/posts\/7650\/revisions"}],"predecessor-version":[{"id":7651,"href":"https:\/\/mfc08.de\/index.php?rest_route=\/wp\/v2\/posts\/7650\/revisions\/7651"}],"wp:featuredmedia":[{"embeddable":true,"href":"https:\/\/mfc08.de\/index.php?rest_route=\/wp\/v2\/media\/7038"}],"wp:attachment":[{"href":"https:\/\/mfc08.de\/index.php?rest_route=%2Fwp%2Fv2%2Fmedia&parent=7650"}],"wp:term":[{"taxonomy":"category","embeddable":true,"href":"https:\/\/mfc08.de\/index.php?rest_route=%2Fwp%2Fv2%2Fcategories&post=7650"},{"taxonomy":"post_tag","embeddable":true,"href":"https:\/\/mfc08.de\/index.php?rest_route=%2Fwp%2Fv2%2Ftags&post=7650"}],"curies":[{"name":"wp","href":"https:\/\/api.w.org\/{rel}","templated":true}]}}