{"id":7742,"date":"2024-05-20T20:15:39","date_gmt":"2024-05-20T20:15:39","guid":{"rendered":"https:\/\/mfc08.de\/?p=7742"},"modified":"2024-05-20T20:15:44","modified_gmt":"2024-05-20T20:15:44","slug":"fv-03-ladenburg-mfc-08-lindenhof-33-11","status":"publish","type":"post","link":"https:\/\/mfc08.de\/?p=7742","title":{"rendered":"FV 03 Ladenburg \u2013 MFC 08 Lindenhof 3:3 (1:1)"},"content":{"rendered":"\n<p>Mit einem 3:3 (1:1) Unentschieden endete das Gastspiel der ersten Mannschaft beim FV 03 Ladenburg<\/p>\n\n\n\n<p>Unsere Elf ging nach einer halben Stunde in F\u00fchrung, musste aber kurz vor der Pause den Ausgleich hinnehmen. In der zweiten Halbzeit gingen dann zun\u00e4chst die Gastgeber in F\u00fchrung, aber wiederum Tobias Baumann gelang in der Schlussphase der Ausgleich. In der Schlussminute gelang Ladenburg der vermeintliche Siegtreffer, doch mit der letzten Aktion des Spieles erzielte Patrick Szarka den erneuten Ausgleich &nbsp;&nbsp;&nbsp;&nbsp;&nbsp;&nbsp;&nbsp;&nbsp;&nbsp;<\/p>\n\n\n\n<p>N\u00e4chste Woche besteht im letzten Heimspiel der Saison gegen die Spvgg Ilvesheim die M\u00f6glichkeit endlich den ersten Heimsieg in diesem Jahr zu feiern<\/p>\n","protected":false},"excerpt":{"rendered":"<p>Mit einem 3:3 (1:1) Unentschieden endete das Gastspiel der ersten Mannschaft beim FV 03 Ladenburg Unsere Elf ging nach einer halben Stunde in F\u00fchrung, musste aber kurz vor der Pause den Ausgleich hinnehmen. In der zweiten Halbzeit gingen dann zun\u00e4chst die Gastgeber in F\u00fchrung, aber wiederum Tobias Baumann gelang in der Schlussphase der Ausgleich. In&hellip;&nbsp;<a href=\"https:\/\/mfc08.de\/?p=7742\" rel=\"bookmark\">Weiterlesen &raquo;<span class=\"screen-reader-text\">FV 03 Ladenburg \u2013 MFC 08 Lindenhof 3:3 (1:1)<\/span><\/a><\/p>\n","protected":false},"author":5,"featured_media":7038,"comment_status":"closed","ping_status":"closed","sticky":false,"template":"","format":"standard","meta":{"neve_meta_sidebar":"","neve_meta_container":"","neve_meta_enable_content_width":"","neve_meta_content_width":0,"neve_meta_title_alignment":"","neve_meta_author_avatar":"","neve_post_elements_order":"","neve_meta_disable_header":"","neve_meta_disable_footer":"","neve_meta_disable_title":"","_themeisle_gutenberg_block_has_review":false,"footnotes":""},"categories":[3],"tags":[],"class_list":["post-7742","post","type-post","status-publish","format-standard","has-post-thumbnail","hentry","category-1-mannschaft"],"_links":{"self":[{"href":"https:\/\/mfc08.de\/index.php?rest_route=\/wp\/v2\/posts\/7742","targetHints":{"allow":["GET"]}}],"collection":[{"href":"https:\/\/mfc08.de\/index.php?rest_route=\/wp\/v2\/posts"}],"about":[{"href":"https:\/\/mfc08.de\/index.php?rest_route=\/wp\/v2\/types\/post"}],"author":[{"embeddable":true,"href":"https:\/\/mfc08.de\/index.php?rest_route=\/wp\/v2\/users\/5"}],"replies":[{"embeddable":true,"href":"https:\/\/mfc08.de\/index.php?rest_route=%2Fwp%2Fv2%2Fcomments&post=7742"}],"version-history":[{"count":1,"href":"https:\/\/mfc08.de\/index.php?rest_route=\/wp\/v2\/posts\/7742\/revisions"}],"predecessor-version":[{"id":7743,"href":"https:\/\/mfc08.de\/index.php?rest_route=\/wp\/v2\/posts\/7742\/revisions\/7743"}],"wp:featuredmedia":[{"embeddable":true,"href":"https:\/\/mfc08.de\/index.php?rest_route=\/wp\/v2\/media\/7038"}],"wp:attachment":[{"href":"https:\/\/mfc08.de\/index.php?rest_route=%2Fwp%2Fv2%2Fmedia&parent=7742"}],"wp:term":[{"taxonomy":"category","embeddable":true,"href":"https:\/\/mfc08.de\/index.php?rest_route=%2Fwp%2Fv2%2Fcategories&post=7742"},{"taxonomy":"post_tag","embeddable":true,"href":"https:\/\/mfc08.de\/index.php?rest_route=%2Fwp%2Fv2%2Ftags&post=7742"}],"curies":[{"name":"wp","href":"https:\/\/api.w.org\/{rel}","templated":true}]}}